{"id":1234,"date":"2017-02-24T10:16:26","date_gmt":"2017-02-24T09:16:26","guid":{"rendered":"http:\/\/www.virtualementvotre.ch\/blog\/?p=1234"},"modified":"2020-02-09T21:11:43","modified_gmt":"2020-02-09T20:11:43","slug":"nutanix-workshop-suisse-romande","status":"publish","type":"post","link":"https:\/\/www.virtualementvotre.ch\/blog\/2017\/02\/24\/nutanix-workshop-suisse-romande\/","title":{"rendered":"Nutanix Workshop Suisse Romande"},"content":{"rendered":"<p>Bonjour,<\/p>\n<p>Nous organisons des workshops Nutanix sur Lausanne et Gen\u00e8ve courant 2020.<\/p>\n<p>Ouverts aux personnes int\u00e9ress\u00e9es \u00e0 d\u00e9couvrir Nutanix, ils vous permettront de comprendre les valeurs de notre Cloud OS et de les tester sur de vrais syst\u00e8mes.<\/p>\n<p>Voici les dates pour 2020<\/p>\n<p>05.03.2020\u00a0\u00a0\u00a0\u00a0\u00a0\u00a0\u00a0\u00a0\u00a0 Gen\u00e8ve\u00a0\u00a0\u00a0\u00a0\u00a0\u00a0\u00a0\u00a0\u00a0\u00a0\u00a0\u00a0\u00a0\u00a0\u00a0\u00a0 Bootcamp Core \u00a0\u00a0\u00a0\u00a0\u00a0\u00a0\u00a0\u00a0\u00a0\u00a0\u00a0\u00a0\u00a0\u00a0\u00a0 <a href=\"http:\/\/events.nutanix.com\/event\/?id=1575898499-5dee4d83af0c8-5df117585a0b1\">http:\/\/events.nutanix.com\/event\/?id=1575898499-5dee4d83af0c8-5df117585a0b1<\/a><\/p>\n<p>09.04.2020\u00a0\u00a0\u00a0\u00a0\u00a0\u00a0\u00a0\u00a0\u00a0 Lausanne\u00a0\u00a0\u00a0\u00a0\u00a0\u00a0\u00a0\u00a0\u00a0\u00a0\u00a0\u00a0 bootcamp core\u00a0\u00a0\u00a0\u00a0\u00a0\u00a0\u00a0\u00a0\u00a0\u00a0\u00a0\u00a0\u00a0\u00a0\u00a0\u00a0\u00a0 <a href=\"https:\/\/events.nutanix.com\/event\/?id=1579006495-5e1dba1fce8c1-5e1dba8b06510\">https:\/\/events.nutanix.com\/event\/?id=1579006495-5e1dba1fce8c1-5e1dba8b06510<\/a><\/p>\n<p>28.05.2020\u00a0\u00a0\u00a0\u00a0\u00a0\u00a0\u00a0\u00a0\u00a0 Gen\u00e8ve\u00a0\u00a0\u00a0\u00a0\u00a0\u00a0\u00a0\u00a0\u00a0\u00a0\u00a0\u00a0\u00a0\u00a0\u00a0\u00a0 bootcamp core\u00a0\u00a0\u00a0\u00a0\u00a0\u00a0\u00a0\u00a0\u00a0\u00a0\u00a0\u00a0\u00a0\u00a0\u00a0\u00a0\u00a0 <a href=\"https:\/\/events.nutanix.com\/event\/?id=1579004024-5e1db078a44b5-5e1db2468a475\">https:\/\/events.nutanix.com\/event\/?id=1579004024-5e1db078a44b5-5e1db2468a475<\/a><\/p>\n<p>18.06.2020\u00a0\u00a0\u00a0\u00a0\u00a0\u00a0\u00a0\u00a0\u00a0 Lausanne\u00a0\u00a0\u00a0\u00a0\u00a0\u00a0\u00a0\u00a0\u00a0\u00a0\u00a0\u00a0 Bootcamp core\u00a0\u00a0\u00a0\u00a0\u00a0\u00a0\u00a0\u00a0\u00a0\u00a0\u00a0\u00a0\u00a0\u00a0\u00a0\u00a0\u00a0 <a href=\"https:\/\/events.nutanix.com\/event\/?id=1579007018-5e1dbc2a9278e-5e1dbc98aba51\">https:\/\/events.nutanix.com\/event\/?id=1579007018-5e1dbc2a9278e-5e1dbc98aba51<\/a><\/p>\n<p>17.09.2020\u00a0\u00a0\u00a0\u00a0\u00a0\u00a0\u00a0\u00a0\u00a0 Lausanne\u00a0\u00a0\u00a0\u00a0\u00a0\u00a0\u00a0\u00a0\u00a0\u00a0\u00a0\u00a0 Bootcamp Core\u00a0\u00a0\u00a0\u00a0\u00a0\u00a0\u00a0\u00a0\u00a0\u00a0\u00a0\u00a0\u00a0\u00a0\u00a0\u00a0 <a href=\"https:\/\/events.nutanix.com\/event\/?id=1579007293-5e1dbd3dd6661-5e1dbd9bbc997\">https:\/\/events.nutanix.com\/event\/?id=1579007293-5e1dbd3dd6661-5e1dbd9bbc997<\/a><\/p>\n<p>07.10.2020\u00a0\u00a0\u00a0\u00a0\u00a0\u00a0\u00a0\u00a0\u00a0 Gen\u00e8ve\u00a0\u00a0\u00a0\u00a0\u00a0\u00a0\u00a0\u00a0\u00a0\u00a0\u00a0\u00a0\u00a0\u00a0\u00a0\u00a0 Bootcamp Core\u00a0\u00a0\u00a0\u00a0\u00a0\u00a0\u00a0\u00a0\u00a0\u00a0\u00a0\u00a0\u00a0\u00a0\u00a0\u00a0 <a href=\"https:\/\/events.nutanix.com\/event\/?id=1579005263-5e1db54f25c21-5e1db63a48d61\">https:\/\/events.nutanix.com\/event\/?id=1579005263-5e1db54f25c21-5e1db63a48d61<\/a><\/p>\n<p>05.11.2020\u00a0\u00a0\u00a0\u00a0\u00a0\u00a0\u00a0\u00a0\u00a0 Lausanne\u00a0\u00a0\u00a0\u00a0\u00a0\u00a0\u00a0\u00a0\u00a0\u00a0\u00a0\u00a0 Bootcamp Core\u00a0\u00a0\u00a0\u00a0\u00a0\u00a0\u00a0\u00a0\u00a0\u00a0\u00a0\u00a0\u00a0\u00a0\u00a0\u00a0 <a href=\"https:\/\/events.nutanix.com\/event\/?id=1579008061-5e1dc03d71538-5e1dc0bb1f9d1\">https:\/\/events.nutanix.com\/event\/?id=1579008061-5e1dc03d71538-5e1dc0bb1f9d1<\/a><\/p>\n<p>10.12.2020\u00a0\u00a0\u00a0\u00a0\u00a0\u00a0\u00a0\u00a0\u00a0 Gen\u00e8ve\u00a0\u00a0\u00a0\u00a0\u00a0\u00a0\u00a0\u00a0\u00a0\u00a0\u00a0\u00a0\u00a0\u00a0\u00a0\u00a0 Bootcamp Core\u00a0\u00a0\u00a0\u00a0\u00a0\u00a0\u00a0\u00a0\u00a0\u00a0\u00a0\u00a0\u00a0\u00a0\u00a0\u00a0 <a href=\"https:\/\/events.nutanix.com\/event\/?id=1579005664-5e1db6e0cefff-5e1db764e73ec\">https:\/\/events.nutanix.com\/event\/?id=1579005664-5e1db6e0cefff-5e1db764e73ec<\/a><\/p>\n<p>&nbsp;<\/p>\n<p><strong>cedric.megroz(AT)nutanix.com <\/strong><\/p>\n<p><strong>sevgi.comba(AT)nutanix.com<\/strong><\/p>\n<p><img data-recalc-dims=\"1\" loading=\"lazy\" decoding=\"async\" class=\"aligncenter size-full wp-image-1236\" src=\"https:\/\/i0.wp.com\/www.virtualementvotre.ch\/blog\/wp-content\/uploads\/2017\/02\/TechBootcampNutanix.png?resize=530%2C180\" alt=\"\" width=\"530\" height=\"180\" srcset=\"https:\/\/i0.wp.com\/www.virtualementvotre.ch\/blog\/wp-content\/uploads\/2017\/02\/TechBootcampNutanix.png?w=675&amp;ssl=1 675w, https:\/\/i0.wp.com\/www.virtualementvotre.ch\/blog\/wp-content\/uploads\/2017\/02\/TechBootcampNutanix.png?resize=300%2C102&amp;ssl=1 300w\" sizes=\"auto, (max-width: 530px) 100vw, 530px\" \/><\/p>\n","protected":false},"excerpt":{"rendered":"<p>Bonjour, Nous organisons des workshops Nutanix sur Lausanne et Gen\u00e8ve courant 2020. Ouverts aux personnes int\u00e9ress\u00e9es \u00e0 d\u00e9couvrir Nutanix, ils vous permettront de comprendre les valeurs de notre Cloud OS et de les tester sur de vrais syst\u00e8mes. Voici les dates pour 2020 05.03.2020\u00a0\u00a0\u00a0\u00a0\u00a0\u00a0\u00a0\u00a0\u00a0 Gen\u00e8ve\u00a0\u00a0\u00a0\u00a0\u00a0\u00a0\u00a0\u00a0\u00a0\u00a0\u00a0\u00a0\u00a0\u00a0\u00a0\u00a0 Bootcamp Core \u00a0\u00a0\u00a0\u00a0\u00a0\u00a0\u00a0\u00a0\u00a0\u00a0\u00a0\u00a0\u00a0\u00a0\u00a0 http:\/\/events.nutanix.com\/event\/?id=1575898499-5dee4d83af0c8-5df117585a0b1 09.04.2020\u00a0\u00a0\u00a0\u00a0\u00a0\u00a0\u00a0\u00a0\u00a0 Lausanne\u00a0\u00a0\u00a0\u00a0\u00a0\u00a0\u00a0\u00a0\u00a0\u00a0\u00a0\u00a0 bootcamp core\u00a0\u00a0\u00a0\u00a0\u00a0\u00a0\u00a0\u00a0\u00a0\u00a0\u00a0\u00a0\u00a0\u00a0\u00a0\u00a0\u00a0 https:\/\/events.nutanix.com\/event\/?id=1579006495-5e1dba1fce8c1-5e1dba8b06510 28.05.2020\u00a0\u00a0\u00a0\u00a0\u00a0\u00a0\u00a0\u00a0\u00a0 Gen\u00e8ve\u00a0\u00a0\u00a0\u00a0\u00a0\u00a0\u00a0\u00a0\u00a0\u00a0\u00a0\u00a0\u00a0\u00a0\u00a0\u00a0 bootcamp core\u00a0\u00a0\u00a0\u00a0\u00a0\u00a0\u00a0\u00a0\u00a0\u00a0\u00a0\u00a0\u00a0\u00a0\u00a0\u00a0\u00a0 https:\/\/events.nutanix.com\/event\/?id=1579004024-5e1db078a44b5-5e1db2468a475 18.06.2020\u00a0\u00a0\u00a0\u00a0\u00a0\u00a0\u00a0\u00a0\u00a0 <a class=\"more-link\" href=\"https:\/\/www.virtualementvotre.ch\/blog\/2017\/02\/24\/nutanix-workshop-suisse-romande\/\">Continue reading <span class=\"screen-reader-text\">  Nutanix Workshop Suisse Romande<\/span><span class=\"meta-nav\">&rarr;<\/span><\/a><\/p>\n","protected":false},"author":1,"featured_media":1236,"comment_status":"open","ping_status":"open","sticky":false,"template":"","format":"standard","meta":{"jetpack_post_was_ever_published":false,"_jetpack_newsletter_access":"","_jetpack_dont_email_post_to_subs":true,"_jetpack_newsletter_tier_id":0,"_jetpack_memberships_contains_paywalled_content":false,"_jetpack_memberships_contains_paid_content":false,"footnotes":"","jetpack_publicize_message":"","jetpack_publicize_feature_enabled":true,"jetpack_social_post_already_shared":false,"jetpack_social_options":{"image_generator_settings":{"template":"highway","default_image_id":0,"font":"","enabled":false},"version":2}},"categories":[647,614,9,3],"tags":[664,685,611,609,663,662],"class_list":["post-1234","post","type-post","status-publish","format-standard","has-post-thumbnail","hentry","category-ahv","category-nutanix","category-virtualisation","category-vmware","tag-bootcamp","tag-geneve","tag-lausanne","tag-nutanix","tag-suisse-romande","tag-workshop"],"aioseo_notices":[],"jetpack_publicize_connections":[],"jetpack_featured_media_url":"https:\/\/i0.wp.com\/www.virtualementvotre.ch\/blog\/wp-content\/uploads\/2017\/02\/TechBootcampNutanix.png?fit=675%2C229&ssl=1","jetpack_shortlink":"https:\/\/wp.me\/p4KzU1-jU","jetpack-related-posts":[{"id":996,"url":"https:\/\/www.virtualementvotre.ch\/blog\/2015\/10\/20\/nutanix-next-on-tour-lausanne\/","url_meta":{"origin":1234,"position":0},"title":"Nutanix .NEXT ON TOUR Lausanne","author":"Cedric Megroz","date":"20\/10\/2015","format":false,"excerpt":"Bonjour, J'ai chang\u00e9 d'entreprise cet \u00e9t\u00e9 et je travail comme Sr System Engineer pour Nutanix Suisse. Notre produit offre une solution d'hyper-convergence de type web-scale IT. Nous organisons, le 3 novembre, la session Lausannoise de notre conf\u00e9rence .Next, d\u00e9di\u00e9e \u00e0 nos clients. Je vous propose de nous y rejoindre, de\u2026","rel":"","context":"In &quot;EVENTS&quot;","block_context":{"text":"EVENTS","link":"https:\/\/www.virtualementvotre.ch\/blog\/category\/events\/"},"img":{"alt_text":"next","src":"https:\/\/i0.wp.com\/www.virtualementvotre.ch\/blog\/wp-content\/uploads\/2015\/10\/next.png?resize=350%2C200","width":350,"height":200},"classes":[]},{"id":1430,"url":"https:\/\/www.virtualementvotre.ch\/blog\/2021\/03\/22\/nutanix-at-work-webinars\/","url_meta":{"origin":1234,"position":1},"title":"Nutanix at Work webinars","author":"Cedric Megroz","date":"22\/03\/2021","format":false,"excerpt":"Bonjour, Durant ce printemps, l'\u00e9quipe de Nutanix Suisse Romande va vous concocter un programme de webinars mettant en avant nos partenaires Romands. \u00c0 partir du 1er avril (ce n'est pas un gag) nos partenaires vous feront des retours de projets concrets avec les solutions avanc\u00e9es de Nutanix. Ils se d\u00e9rouleront\u2026","rel":"","context":"In &quot;AHV&quot;","block_context":{"text":"AHV","link":"https:\/\/www.virtualementvotre.ch\/blog\/category\/ahv\/"},"img":{"alt_text":"","src":"https:\/\/i0.wp.com\/www.virtualementvotre.ch\/blog\/wp-content\/uploads\/2021\/03\/NaW.png?resize=350%2C200&ssl=1","width":350,"height":200,"srcset":"https:\/\/i0.wp.com\/www.virtualementvotre.ch\/blog\/wp-content\/uploads\/2021\/03\/NaW.png?resize=350%2C200&ssl=1 1x, https:\/\/i0.wp.com\/www.virtualementvotre.ch\/blog\/wp-content\/uploads\/2021\/03\/NaW.png?resize=525%2C300&ssl=1 1.5x, https:\/\/i0.wp.com\/www.virtualementvotre.ch\/blog\/wp-content\/uploads\/2021\/03\/NaW.png?resize=700%2C400&ssl=1 2x"},"classes":[]},{"id":1008,"url":"https:\/\/www.virtualementvotre.ch\/blog\/2015\/11\/12\/nutanix-diagnostics-py-tool-sur-esxi\/","url_meta":{"origin":1234,"position":2},"title":"Nutanix diagnostics.py tool sur ESXi","author":"Cedric Megroz","date":"12\/11\/2015","format":false,"excerpt":"Bonjour, Pour les tests de performance, Nutanix offre un outil int\u00e9gr\u00e9, afin d\u2019avoir une solution vite mise en place. L\u2019outil se nomme diagnostics.py. Il va automatiquement cr\u00e9er un container et y poser une VM avec laquelle il va faire diff\u00e9rents type de tests en lecture et \u00e9criture. On peut \u00e9galement\u2026","rel":"","context":"In &quot;NUTANIX&quot;","block_context":{"text":"NUTANIX","link":"https:\/\/www.virtualementvotre.ch\/blog\/category\/nutanix\/"},"img":{"alt_text":"","src":"https:\/\/i0.wp.com\/www.virtualementvotre.ch\/blog\/wp-content\/uploads\/2015\/11\/diagnosticpy3.png?fit=670%2C386&ssl=1&resize=350%2C200","width":350,"height":200,"srcset":"https:\/\/i0.wp.com\/www.virtualementvotre.ch\/blog\/wp-content\/uploads\/2015\/11\/diagnosticpy3.png?fit=670%2C386&ssl=1&resize=350%2C200 1x, https:\/\/i0.wp.com\/www.virtualementvotre.ch\/blog\/wp-content\/uploads\/2015\/11\/diagnosticpy3.png?fit=670%2C386&ssl=1&resize=525%2C300 1.5x"},"classes":[]},{"id":1173,"url":"https:\/\/www.virtualementvotre.ch\/blog\/2016\/11\/28\/gestion-des-templates-avec-nutanix-ahv\/","url_meta":{"origin":1234,"position":3},"title":"Gestion des templates avec Nutanix AHV","author":"Cedric Megroz","date":"28\/11\/2016","format":false,"excerpt":"Bonjour, Lorsque l\u2019on utilise la Community Edition de Nutanix ou plus simplement AHV, toute la gestion de l\u2019environnement virtuel se fait depuis la seule console Prism. La gestion des templates dans Prism se fait \u00e0 l\u2019aide du menu \u2018\u2019Image Configuration\u2019\u2019. C\u2019est l\u00e0 que l\u2019on va charger toutes nos images ISO,\u2026","rel":"","context":"In &quot;AHV&quot;","block_context":{"text":"AHV","link":"https:\/\/www.virtualementvotre.ch\/blog\/category\/ahv\/"},"img":{"alt_text":"","src":"https:\/\/i0.wp.com\/www.virtualementvotre.ch\/blog\/wp-content\/uploads\/2016\/11\/acropolis.png?fit=455%2C360&ssl=1&resize=350%2C200","width":350,"height":200},"classes":[]},{"id":1190,"url":"https:\/\/www.virtualementvotre.ch\/blog\/2017\/01\/16\/installation-hyper-v-avec-nutanix\/","url_meta":{"origin":1234,"position":4},"title":"Installation Hyper-V avec Nutanix","author":"Cedric Megroz","date":"16\/01\/2017","format":false,"excerpt":"Bonjour, J\u2019ai eu l\u2019occasion de mettre en place une infrastructure Hyper-V sur du Nutanix, moins facile que pour VMware, le r\u00e9sultat n\u2019en est pas moins int\u00e9ressant. Deux points importants lors de la mise en place et son utilisation\u00a0: Refresh and patching\u00a0! En effet, n\u2019essayez pas de faire fonctionner le cluster\u2026","rel":"","context":"In &quot;MICROSOFT&quot;","block_context":{"text":"MICROSOFT","link":"https:\/\/www.virtualementvotre.ch\/blog\/category\/microsoft\/"},"img":{"alt_text":"","src":"https:\/\/i0.wp.com\/www.virtualementvotre.ch\/blog\/wp-content\/uploads\/2017\/01\/NTNX_Hyper-V13.png?resize=350%2C200","width":350,"height":200},"classes":[]},{"id":1285,"url":"https:\/\/www.virtualementvotre.ch\/blog\/2017\/10\/30\/pourquoi-nutanix-ahv-est-une-reelle-option\/","url_meta":{"origin":1234,"position":5},"title":"Pourquoi Nutanix AHV est une r\u00e9elle option","author":"Cedric Megroz","date":"30\/10\/2017","format":false,"excerpt":"Bonjour, Voici plus de deux ans que Nutanix propose un hyperviseur embarqu\u00e9 bas\u00e9 sur KVM. Tout d\u2019abord solution de base avec des fonctionnalit\u00e9s tel que le HA et live migration, Nutanix n\u2019a eu de cesse de compl\u00e9ter les fonctions dans sa vision d\u2019innovations continues. Avec l\u2019arriv\u00e9 de la version AOS\u2026","rel":"","context":"In &quot;AHV&quot;","block_context":{"text":"AHV","link":"https:\/\/www.virtualementvotre.ch\/blog\/category\/ahv\/"},"img":{"alt_text":"","src":"https:\/\/i0.wp.com\/www.virtualementvotre.ch\/blog\/wp-content\/uploads\/2017\/10\/Nutanix_AHV.png?resize=350%2C200","width":350,"height":200},"classes":[]}],"jetpack_sharing_enabled":true,"_links":{"self":[{"href":"https:\/\/www.virtualementvotre.ch\/blog\/wp-json\/wp\/v2\/posts\/1234","targetHints":{"allow":["GET"]}}],"collection":[{"href":"https:\/\/www.virtualementvotre.ch\/blog\/wp-json\/wp\/v2\/posts"}],"about":[{"href":"https:\/\/www.virtualementvotre.ch\/blog\/wp-json\/wp\/v2\/types\/post"}],"author":[{"embeddable":true,"href":"https:\/\/www.virtualementvotre.ch\/blog\/wp-json\/wp\/v2\/users\/1"}],"replies":[{"embeddable":true,"href":"https:\/\/www.virtualementvotre.ch\/blog\/wp-json\/wp\/v2\/comments?post=1234"}],"version-history":[{"count":20,"href":"https:\/\/www.virtualementvotre.ch\/blog\/wp-json\/wp\/v2\/posts\/1234\/revisions"}],"predecessor-version":[{"id":1417,"href":"https:\/\/www.virtualementvotre.ch\/blog\/wp-json\/wp\/v2\/posts\/1234\/revisions\/1417"}],"wp:featuredmedia":[{"embeddable":true,"href":"https:\/\/www.virtualementvotre.ch\/blog\/wp-json\/wp\/v2\/media\/1236"}],"wp:attachment":[{"href":"https:\/\/www.virtualementvotre.ch\/blog\/wp-json\/wp\/v2\/media?parent=1234"}],"wp:term":[{"taxonomy":"category","embeddable":true,"href":"https:\/\/www.virtualementvotre.ch\/blog\/wp-json\/wp\/v2\/categories?post=1234"},{"taxonomy":"post_tag","embeddable":true,"href":"https:\/\/www.virtualementvotre.ch\/blog\/wp-json\/wp\/v2\/tags?post=1234"}],"curies":[{"name":"wp","href":"https:\/\/api.w.org\/{rel}","templated":true}]}}