{"id":1302,"date":"2017-11-06T10:00:26","date_gmt":"2017-11-06T09:00:26","guid":{"rendered":"http:\/\/www.virtualementvotre.ch\/blog\/?p=1302"},"modified":"2018-04-08T14:00:33","modified_gmt":"2018-04-08T12:00:33","slug":"suppression-image-inactive-avec-ahv","status":"publish","type":"post","link":"https:\/\/www.virtualementvotre.ch\/blog\/2017\/11\/06\/suppression-image-inactive-avec-ahv\/","title":{"rendered":"Suppression image inactive avec AHV"},"content":{"rendered":"<p>Bonjour,<\/p>\n<p>Il arrive que la cr\u00e9ation d&#8217;une image dans AHV ne se passe pas correctement et que le status de l&#8217;ISO soit en inactif.<\/p>\n<p><img data-recalc-dims=\"1\" loading=\"lazy\" decoding=\"async\" class=\"aligncenter size-full wp-image-1303\" src=\"https:\/\/i0.wp.com\/www.virtualementvotre.ch\/blog\/wp-content\/uploads\/2017\/11\/imageServiceInactiveImage.png?resize=530%2C436\" alt=\"\" width=\"530\" height=\"436\" srcset=\"https:\/\/i0.wp.com\/www.virtualementvotre.ch\/blog\/wp-content\/uploads\/2017\/11\/imageServiceInactiveImage.png?w=538&amp;ssl=1 538w, https:\/\/i0.wp.com\/www.virtualementvotre.ch\/blog\/wp-content\/uploads\/2017\/11\/imageServiceInactiveImage.png?resize=300%2C247&amp;ssl=1 300w\" sizes=\"auto, (max-width: 530px) 100vw, 530px\" \/><\/p>\n<p>&nbsp;<\/p>\n<p>Afin de r\u00e9soudre ce probl\u00e8me, il faut se connecter sur le cluster Nutanix, en SSH, rentrer en mode acli et taper.<\/p>\n<p>image.list<\/p>\n<p>Puis image.delete &lt;NomDeLImage&gt;<\/p>\n<p><img data-recalc-dims=\"1\" loading=\"lazy\" decoding=\"async\" class=\"aligncenter size-full wp-image-1304\" src=\"https:\/\/i0.wp.com\/www.virtualementvotre.ch\/blog\/wp-content\/uploads\/2017\/11\/imageServiceDeleteimage.png?resize=530%2C182\" alt=\"\" width=\"530\" height=\"182\" srcset=\"https:\/\/i0.wp.com\/www.virtualementvotre.ch\/blog\/wp-content\/uploads\/2017\/11\/imageServiceDeleteimage.png?w=634&amp;ssl=1 634w, https:\/\/i0.wp.com\/www.virtualementvotre.ch\/blog\/wp-content\/uploads\/2017\/11\/imageServiceDeleteimage.png?resize=300%2C103&amp;ssl=1 300w\" sizes=\"auto, (max-width: 530px) 100vw, 530px\" \/><\/p>\n<p>Vous retrouverez votre inventaire corrig\u00e9.<\/p>\n<p><img data-recalc-dims=\"1\" loading=\"lazy\" decoding=\"async\" class=\"aligncenter size-full wp-image-1305\" src=\"https:\/\/i0.wp.com\/www.virtualementvotre.ch\/blog\/wp-content\/uploads\/2017\/11\/imagesService.png?resize=530%2C405\" alt=\"\" width=\"530\" height=\"405\" srcset=\"https:\/\/i0.wp.com\/www.virtualementvotre.ch\/blog\/wp-content\/uploads\/2017\/11\/imagesService.png?w=540&amp;ssl=1 540w, https:\/\/i0.wp.com\/www.virtualementvotre.ch\/blog\/wp-content\/uploads\/2017\/11\/imagesService.png?resize=300%2C229&amp;ssl=1 300w\" sizes=\"auto, (max-width: 530px) 100vw, 530px\" \/><\/p>\n<p>Au passage, voici les commande li\u00e9s au service d&#8217;images de AHV<\/p>\n<p>image.create =&gt; Create an image.<br \/>\nimage.delete =&gt; Delete an image(s).<br \/>\nimage.get =&gt; Retrieves information about an image.<br \/>\nimage.list =&gt; List all Images.<br \/>\nimage.update =&gt; Update an image.<\/p>\n<p>Bon virtualisation avec AHV.<\/p>\n","protected":false},"excerpt":{"rendered":"<p>Bonjour, Il arrive que la cr\u00e9ation d&#8217;une image dans AHV ne se passe pas correctement et que le status de l&#8217;ISO soit en inactif. &nbsp; Afin de r\u00e9soudre ce probl\u00e8me, il faut se connecter sur le cluster Nutanix, en SSH, rentrer en mode acli et taper. image.list Puis image.delete &lt;NomDeLImage&gt; Vous retrouverez votre inventaire corrig\u00e9. Au passage, voici les commande <a class=\"more-link\" href=\"https:\/\/www.virtualementvotre.ch\/blog\/2017\/11\/06\/suppression-image-inactive-avec-ahv\/\">Continue reading <span class=\"screen-reader-text\">  Suppression image inactive avec AHV<\/span><span class=\"meta-nav\">&rarr;<\/span><\/a><\/p>\n","protected":false},"author":1,"featured_media":1292,"comment_status":"open","ping_status":"open","sticky":false,"template":"","format":"standard","meta":{"jetpack_post_was_ever_published":false,"_jetpack_newsletter_access":"","_jetpack_dont_email_post_to_subs":false,"_jetpack_newsletter_tier_id":0,"_jetpack_memberships_contains_paywalled_content":false,"_jetpack_memberships_contains_paid_content":false,"footnotes":"","jetpack_publicize_message":"","jetpack_publicize_feature_enabled":true,"jetpack_social_post_already_shared":false,"jetpack_social_options":{"image_generator_settings":{"template":"highway","default_image_id":0,"font":"","enabled":false},"version":2}},"categories":[647,614,9],"tags":[655,644,675,674],"class_list":["post-1302","post","type-post","status-publish","format-standard","has-post-thumbnail","hentry","category-ahv","category-nutanix","category-virtualisation","tag-acli","tag-ahv","tag-images-inactive","tag-images-service"],"aioseo_notices":[],"jetpack_publicize_connections":[],"jetpack_featured_media_url":"https:\/\/i0.wp.com\/www.virtualementvotre.ch\/blog\/wp-content\/uploads\/2017\/10\/Nutanix_AHV.png?fit=314%2C355&ssl=1","jetpack_shortlink":"https:\/\/wp.me\/p4KzU1-l0","jetpack-related-posts":[{"id":1173,"url":"https:\/\/www.virtualementvotre.ch\/blog\/2016\/11\/28\/gestion-des-templates-avec-nutanix-ahv\/","url_meta":{"origin":1302,"position":0},"title":"Gestion des templates avec Nutanix AHV","author":"Cedric Megroz","date":"28\/11\/2016","format":false,"excerpt":"Bonjour, Lorsque l\u2019on utilise la Community Edition de Nutanix ou plus simplement AHV, toute la gestion de l\u2019environnement virtuel se fait depuis la seule console Prism. La gestion des templates dans Prism se fait \u00e0 l\u2019aide du menu \u2018\u2019Image Configuration\u2019\u2019. C\u2019est l\u00e0 que l\u2019on va charger toutes nos images ISO,\u2026","rel":"","context":"In &quot;AHV&quot;","block_context":{"text":"AHV","link":"https:\/\/www.virtualementvotre.ch\/blog\/category\/ahv\/"},"img":{"alt_text":"","src":"https:\/\/i0.wp.com\/www.virtualementvotre.ch\/blog\/wp-content\/uploads\/2016\/11\/acropolis.png?fit=455%2C360&ssl=1&resize=350%2C200","width":350,"height":200},"classes":[]},{"id":1285,"url":"https:\/\/www.virtualementvotre.ch\/blog\/2017\/10\/30\/pourquoi-nutanix-ahv-est-une-reelle-option\/","url_meta":{"origin":1302,"position":1},"title":"Pourquoi Nutanix AHV est une r\u00e9elle option","author":"Cedric Megroz","date":"30\/10\/2017","format":false,"excerpt":"Bonjour, Voici plus de deux ans que Nutanix propose un hyperviseur embarqu\u00e9 bas\u00e9 sur KVM. Tout d\u2019abord solution de base avec des fonctionnalit\u00e9s tel que le HA et live migration, Nutanix n\u2019a eu de cesse de compl\u00e9ter les fonctions dans sa vision d\u2019innovations continues. Avec l\u2019arriv\u00e9 de la version AOS\u2026","rel":"","context":"In &quot;AHV&quot;","block_context":{"text":"AHV","link":"https:\/\/www.virtualementvotre.ch\/blog\/category\/ahv\/"},"img":{"alt_text":"","src":"https:\/\/i0.wp.com\/www.virtualementvotre.ch\/blog\/wp-content\/uploads\/2017\/10\/Nutanix_AHV.png?resize=350%2C200","width":350,"height":200},"classes":[]},{"id":1148,"url":"https:\/\/www.virtualementvotre.ch\/blog\/2016\/11\/21\/installation-de-la-nutanix-community-edition\/","url_meta":{"origin":1302,"position":2},"title":"Installation de la Nutanix Community Edition","author":"Cedric Megroz","date":"21\/11\/2016","format":false,"excerpt":"Bonjour, R\u00e9cemment, j\u2019ai re\u00e7u de la part de Intel et dans le cadre du partenariat fort entre Nutanix et Intel, un NUC Skull Canyon. \u00a0 1x Intel NUC Skull Canyon (kit NUC6i7KYK) avec un processeur Intel i7-6770HQ @ 2,6 GHz 2x barrettes m\u00e9moire 16Go DDR4-2133 SODIM de Crucial (kit de\u2026","rel":"","context":"In &quot;AHV&quot;","block_context":{"text":"AHV","link":"https:\/\/www.virtualementvotre.ch\/blog\/category\/ahv\/"},"img":{"alt_text":"IntelNUCNUC6i7KYK_NuntanixCE","src":"https:\/\/i0.wp.com\/www.virtualementvotre.ch\/blog\/wp-content\/uploads\/2016\/11\/IMG_20161120_150039-300x225.jpg?resize=350%2C200","width":350,"height":200},"classes":[]},{"id":1242,"url":"https:\/\/www.virtualementvotre.ch\/blog\/2017\/02\/27\/nutanix-ce-modification-memoire-de-la-cvm\/","url_meta":{"origin":1302,"position":3},"title":"Nutanix CE modification m\u00e9moire de la CVM","author":"Cedric Megroz","date":"27\/02\/2017","format":false,"excerpt":"Bonjour, Depuis quelques mois, tous les Systems Engineer de Nutanix re\u00e7oivent un Intel NUC Skull Canyon (kit NUC6i7KYK) avec un processeur Intel i7-6770HQ @ 2,6 GHz suite \u00e0 un partenariat fort entre les deux compagnies. Cela nous offre la possibilit\u00e9 de faire des d\u00e9mos et se former notamment sur AHV\u2026","rel":"","context":"In &quot;AHV&quot;","block_context":{"text":"AHV","link":"https:\/\/www.virtualementvotre.ch\/blog\/category\/ahv\/"},"img":{"alt_text":"","src":"https:\/\/i0.wp.com\/www.virtualementvotre.ch\/blog\/wp-content\/uploads\/2017\/02\/NUC_Nutanix_CE.jpg?fit=1200%2C900&ssl=1&resize=350%2C200","width":350,"height":200,"srcset":"https:\/\/i0.wp.com\/www.virtualementvotre.ch\/blog\/wp-content\/uploads\/2017\/02\/NUC_Nutanix_CE.jpg?fit=1200%2C900&ssl=1&resize=350%2C200 1x, https:\/\/i0.wp.com\/www.virtualementvotre.ch\/blog\/wp-content\/uploads\/2017\/02\/NUC_Nutanix_CE.jpg?fit=1200%2C900&ssl=1&resize=525%2C300 1.5x, https:\/\/i0.wp.com\/www.virtualementvotre.ch\/blog\/wp-content\/uploads\/2017\/02\/NUC_Nutanix_CE.jpg?fit=1200%2C900&ssl=1&resize=700%2C400 2x, https:\/\/i0.wp.com\/www.virtualementvotre.ch\/blog\/wp-content\/uploads\/2017\/02\/NUC_Nutanix_CE.jpg?fit=1200%2C900&ssl=1&resize=1050%2C600 3x"},"classes":[]},{"id":1325,"url":"https:\/\/www.virtualementvotre.ch\/blog\/2018\/03\/19\/nutanix-prism-central-community-edition\/","url_meta":{"origin":1302,"position":4},"title":"Nutanix Prism Central Community Edition","author":"Cedric Megroz","date":"19\/03\/2018","format":false,"excerpt":"Bonjour, Une infrastructure Nutanix est compos\u00e9e de plusieurs \u00e9l\u00e9ments. Acropolis qui est le socle technologique dans lequel on retrouve le NDFS, les optimisations de stockage (compression, Erasure coding et d\u00e9duplication), la replication synchrone et ayncrone et notre Hyperviseur AHV. Par-dessus, on a Prism Element qui va vous permettre d\u2019interfacer Acropolis\u2026","rel":"","context":"In &quot;AHV&quot;","block_context":{"text":"AHV","link":"https:\/\/www.virtualementvotre.ch\/blog\/category\/ahv\/"},"img":{"alt_text":"","src":"https:\/\/i0.wp.com\/www.virtualementvotre.ch\/blog\/wp-content\/uploads\/2018\/03\/PC14.png?fit=1111%2C728&ssl=1&resize=350%2C200","width":350,"height":200,"srcset":"https:\/\/i0.wp.com\/www.virtualementvotre.ch\/blog\/wp-content\/uploads\/2018\/03\/PC14.png?fit=1111%2C728&ssl=1&resize=350%2C200 1x, https:\/\/i0.wp.com\/www.virtualementvotre.ch\/blog\/wp-content\/uploads\/2018\/03\/PC14.png?fit=1111%2C728&ssl=1&resize=525%2C300 1.5x, https:\/\/i0.wp.com\/www.virtualementvotre.ch\/blog\/wp-content\/uploads\/2018\/03\/PC14.png?fit=1111%2C728&ssl=1&resize=700%2C400 2x, https:\/\/i0.wp.com\/www.virtualementvotre.ch\/blog\/wp-content\/uploads\/2018\/03\/PC14.png?fit=1111%2C728&ssl=1&resize=1050%2C600 3x"},"classes":[]},{"id":1430,"url":"https:\/\/www.virtualementvotre.ch\/blog\/2021\/03\/22\/nutanix-at-work-webinars\/","url_meta":{"origin":1302,"position":5},"title":"Nutanix at Work webinars","author":"Cedric Megroz","date":"22\/03\/2021","format":false,"excerpt":"Bonjour, Durant ce printemps, l'\u00e9quipe de Nutanix Suisse Romande va vous concocter un programme de webinars mettant en avant nos partenaires Romands. \u00c0 partir du 1er avril (ce n'est pas un gag) nos partenaires vous feront des retours de projets concrets avec les solutions avanc\u00e9es de Nutanix. Ils se d\u00e9rouleront\u2026","rel":"","context":"In &quot;AHV&quot;","block_context":{"text":"AHV","link":"https:\/\/www.virtualementvotre.ch\/blog\/category\/ahv\/"},"img":{"alt_text":"","src":"https:\/\/i0.wp.com\/www.virtualementvotre.ch\/blog\/wp-content\/uploads\/2021\/03\/NaW.png?resize=350%2C200&ssl=1","width":350,"height":200,"srcset":"https:\/\/i0.wp.com\/www.virtualementvotre.ch\/blog\/wp-content\/uploads\/2021\/03\/NaW.png?resize=350%2C200&ssl=1 1x, https:\/\/i0.wp.com\/www.virtualementvotre.ch\/blog\/wp-content\/uploads\/2021\/03\/NaW.png?resize=525%2C300&ssl=1 1.5x, https:\/\/i0.wp.com\/www.virtualementvotre.ch\/blog\/wp-content\/uploads\/2021\/03\/NaW.png?resize=700%2C400&ssl=1 2x"},"classes":[]}],"jetpack_sharing_enabled":true,"_links":{"self":[{"href":"https:\/\/www.virtualementvotre.ch\/blog\/wp-json\/wp\/v2\/posts\/1302","targetHints":{"allow":["GET"]}}],"collection":[{"href":"https:\/\/www.virtualementvotre.ch\/blog\/wp-json\/wp\/v2\/posts"}],"about":[{"href":"https:\/\/www.virtualementvotre.ch\/blog\/wp-json\/wp\/v2\/types\/post"}],"author":[{"embeddable":true,"href":"https:\/\/www.virtualementvotre.ch\/blog\/wp-json\/wp\/v2\/users\/1"}],"replies":[{"embeddable":true,"href":"https:\/\/www.virtualementvotre.ch\/blog\/wp-json\/wp\/v2\/comments?post=1302"}],"version-history":[{"count":1,"href":"https:\/\/www.virtualementvotre.ch\/blog\/wp-json\/wp\/v2\/posts\/1302\/revisions"}],"predecessor-version":[{"id":1306,"href":"https:\/\/www.virtualementvotre.ch\/blog\/wp-json\/wp\/v2\/posts\/1302\/revisions\/1306"}],"wp:featuredmedia":[{"embeddable":true,"href":"https:\/\/www.virtualementvotre.ch\/blog\/wp-json\/wp\/v2\/media\/1292"}],"wp:attachment":[{"href":"https:\/\/www.virtualementvotre.ch\/blog\/wp-json\/wp\/v2\/media?parent=1302"}],"wp:term":[{"taxonomy":"category","embeddable":true,"href":"https:\/\/www.virtualementvotre.ch\/blog\/wp-json\/wp\/v2\/categories?post=1302"},{"taxonomy":"post_tag","embeddable":true,"href":"https:\/\/www.virtualementvotre.ch\/blog\/wp-json\/wp\/v2\/tags?post=1302"}],"curies":[{"name":"wp","href":"https:\/\/api.w.org\/{rel}","templated":true}]}}