{"id":1430,"date":"2021-03-22T10:00:53","date_gmt":"2021-03-22T09:00:53","guid":{"rendered":"https:\/\/www.virtualementvotre.ch\/blog\/?p=1430"},"modified":"2023-07-12T09:59:52","modified_gmt":"2023-07-12T07:59:52","slug":"nutanix-at-work-webinars","status":"publish","type":"post","link":"https:\/\/www.virtualementvotre.ch\/blog\/2021\/03\/22\/nutanix-at-work-webinars\/","title":{"rendered":"Nutanix at Work webinars"},"content":{"rendered":"<p>Bonjour,<\/p>\n<p>Durant ce printemps, l&#8217;\u00e9quipe de Nutanix Suisse Romande va vous concocter un programme de webinars mettant en avant nos partenaires Romands.<\/p>\n<p>\u00c0 partir du 1er avril (ce n&#8217;est pas un gag) nos partenaires vous feront des retours de projets concrets avec les solutions avanc\u00e9es de Nutanix.<\/p>\n<p>Ils se d\u00e9rouleront de 10h \u00e0 11h et seront diffus\u00e9 sur Youtube afin d\u2019\u00e9viter tout client lourd et surtout changer de plateforme m\u00e9dia (marre du Teams et Zoom) ;-P<\/p>\n<p><a href=\"https:\/\/event.nutanix.com\/nutanixatworksuisseromande\" target=\"_blank\" rel=\"noopener\">https:\/\/event.nutanix.com\/nutanixatworksuisseromande<\/a><\/p>\n<p><img data-recalc-dims=\"1\" loading=\"lazy\" decoding=\"async\" class=\"aligncenter size-full wp-image-1437\" src=\"https:\/\/i0.wp.com\/www.virtualementvotre.ch\/blog\/wp-content\/uploads\/2021\/03\/NaW.png?resize=530%2C131&#038;ssl=1\" alt=\"\" width=\"530\" height=\"131\" srcset=\"https:\/\/i0.wp.com\/www.virtualementvotre.ch\/blog\/wp-content\/uploads\/2021\/03\/NaW.png?w=858&amp;ssl=1 858w, https:\/\/i0.wp.com\/www.virtualementvotre.ch\/blog\/wp-content\/uploads\/2021\/03\/NaW.png?resize=300%2C74&amp;ssl=1 300w, https:\/\/i0.wp.com\/www.virtualementvotre.ch\/blog\/wp-content\/uploads\/2021\/03\/NaW.png?resize=768%2C190&amp;ssl=1 768w\" sizes=\"auto, (max-width: 530px) 100vw, 530px\" \/><\/p>\n<p>Le channel Youtube Suisse est ici: Abonnez-vous !<\/p>\n<p><a href=\"http:\/\/ntnx.tips\/mfg\" target=\"_blank\" rel=\"noopener\">http:\/\/ntnx.tips\/mfg<\/a><\/p>\n<p>Voici mon teaser ainsi que le lien avec toutes les dates.<\/p>\n<p><iframe loading=\"lazy\" title=\"Nutanix - Teaser Nutanix at Work (French) Printemps 2021\" width=\"530\" height=\"298\" src=\"https:\/\/www.youtube.com\/embed\/0UOInijFKm4?feature=oembed\" frameborder=\"0\" allow=\"accelerometer; autoplay; clipboard-write; encrypted-media; gyroscope; picture-in-picture; web-share\" referrerpolicy=\"strict-origin-when-cross-origin\" allowfullscreen><\/iframe><\/p>\n<p>Inscrivez-vous nombreux, ces retours seront concrets et de qualit\u00e9.<\/p>\n<p>&nbsp;<\/p>\n<p>Je vous fait un petit scoop, il y a d\u00e9j\u00e0 des dates de pr\u00e9vues \u00e0 la rentr\u00e9e de septembre 2021&#8230;<\/p>\n<p>A bient\u00f4t !<\/p>\n","protected":false},"excerpt":{"rendered":"<p>Bonjour, Durant ce printemps, l&#8217;\u00e9quipe de Nutanix Suisse Romande va vous concocter un programme de webinars mettant en avant nos partenaires Romands. \u00c0 partir du 1er avril (ce n&#8217;est pas un gag) nos partenaires vous feront des retours de projets concrets avec les solutions avanc\u00e9es de Nutanix. Ils se d\u00e9rouleront de 10h \u00e0 11h et seront diffus\u00e9 sur Youtube afin <a class=\"more-link\" href=\"https:\/\/www.virtualementvotre.ch\/blog\/2021\/03\/22\/nutanix-at-work-webinars\/\">Continue reading <span class=\"screen-reader-text\">  Nutanix at Work webinars<\/span><span class=\"meta-nav\">&rarr;<\/span><\/a><\/p>\n","protected":false},"author":1,"featured_media":0,"comment_status":"open","ping_status":"open","sticky":false,"template":"","format":"standard","meta":{"jetpack_post_was_ever_published":false,"_jetpack_newsletter_access":"","_jetpack_dont_email_post_to_subs":false,"_jetpack_newsletter_tier_id":0,"_jetpack_memberships_contains_paywalled_content":false,"_jetpack_memberships_contains_paid_content":false,"footnotes":"","jetpack_publicize_message":"","jetpack_publicize_feature_enabled":true,"jetpack_social_post_already_shared":false,"jetpack_social_options":{"image_generator_settings":{"template":"highway","default_image_id":0,"font":"","enabled":false},"version":2}},"categories":[647,4,7,614,9],"tags":[692,695,686,690,691,663,694,687,693,688,689],"class_list":["post-1430","post","type-post","status-publish","format-standard","hentry","category-ahv","category-citrix","category-events","category-nutanix","category-virtualisation","tag-cisel","tag-ixion","tag-nutanix-at-work","tag-partenaires","tag-spie","tag-suisse-romande","tag-swisscom","tag-switzerland","tag-telecom-systems","tag-webinars","tag-youtube"],"aioseo_notices":[],"jetpack_publicize_connections":[],"jetpack_featured_media_url":"","jetpack_shortlink":"https:\/\/wp.me\/p4KzU1-n4","jetpack-related-posts":[{"id":1234,"url":"https:\/\/www.virtualementvotre.ch\/blog\/2017\/02\/24\/nutanix-workshop-suisse-romande\/","url_meta":{"origin":1430,"position":0},"title":"Nutanix Workshop Suisse Romande","author":"Cedric Megroz","date":"24\/02\/2017","format":false,"excerpt":"Bonjour, Nous organisons des workshops Nutanix sur Lausanne et Gen\u00e8ve courant 2020. Ouverts aux personnes int\u00e9ress\u00e9es \u00e0 d\u00e9couvrir Nutanix, ils vous permettront de comprendre les valeurs de notre Cloud OS et de les tester sur de vrais syst\u00e8mes. Voici les dates pour 2020 05.03.2020\u00a0\u00a0\u00a0\u00a0\u00a0\u00a0\u00a0\u00a0\u00a0 Gen\u00e8ve\u00a0\u00a0\u00a0\u00a0\u00a0\u00a0\u00a0\u00a0\u00a0\u00a0\u00a0\u00a0\u00a0\u00a0\u00a0\u00a0 Bootcamp Core \u00a0\u00a0\u00a0\u00a0\u00a0\u00a0\u00a0\u00a0\u00a0\u00a0\u00a0\u00a0\u00a0\u00a0\u00a0 http:\/\/events.nutanix.com\/event\/?id=1575898499-5dee4d83af0c8-5df117585a0b1 09.04.2020\u00a0\u00a0\u00a0\u00a0\u00a0\u00a0\u00a0\u00a0\u00a0\u2026","rel":"","context":"In &quot;AHV&quot;","block_context":{"text":"AHV","link":"https:\/\/www.virtualementvotre.ch\/blog\/category\/ahv\/"},"img":{"alt_text":"","src":"https:\/\/i0.wp.com\/www.virtualementvotre.ch\/blog\/wp-content\/uploads\/2017\/02\/TechBootcampNutanix.png?fit=675%2C229&ssl=1&resize=350%2C200","width":350,"height":200,"srcset":"https:\/\/i0.wp.com\/www.virtualementvotre.ch\/blog\/wp-content\/uploads\/2017\/02\/TechBootcampNutanix.png?fit=675%2C229&ssl=1&resize=350%2C200 1x, https:\/\/i0.wp.com\/www.virtualementvotre.ch\/blog\/wp-content\/uploads\/2017\/02\/TechBootcampNutanix.png?fit=675%2C229&ssl=1&resize=525%2C300 1.5x"},"classes":[]},{"id":996,"url":"https:\/\/www.virtualementvotre.ch\/blog\/2015\/10\/20\/nutanix-next-on-tour-lausanne\/","url_meta":{"origin":1430,"position":1},"title":"Nutanix .NEXT ON TOUR Lausanne","author":"Cedric Megroz","date":"20\/10\/2015","format":false,"excerpt":"Bonjour, J'ai chang\u00e9 d'entreprise cet \u00e9t\u00e9 et je travail comme Sr System Engineer pour Nutanix Suisse. Notre produit offre une solution d'hyper-convergence de type web-scale IT. Nous organisons, le 3 novembre, la session Lausannoise de notre conf\u00e9rence .Next, d\u00e9di\u00e9e \u00e0 nos clients. Je vous propose de nous y rejoindre, de\u2026","rel":"","context":"In &quot;EVENTS&quot;","block_context":{"text":"EVENTS","link":"https:\/\/www.virtualementvotre.ch\/blog\/category\/events\/"},"img":{"alt_text":"next","src":"https:\/\/i0.wp.com\/www.virtualementvotre.ch\/blog\/wp-content\/uploads\/2015\/10\/next.png?resize=350%2C200","width":350,"height":200},"classes":[]},{"id":1173,"url":"https:\/\/www.virtualementvotre.ch\/blog\/2016\/11\/28\/gestion-des-templates-avec-nutanix-ahv\/","url_meta":{"origin":1430,"position":2},"title":"Gestion des templates avec Nutanix AHV","author":"Cedric Megroz","date":"28\/11\/2016","format":false,"excerpt":"Bonjour, Lorsque l\u2019on utilise la Community Edition de Nutanix ou plus simplement AHV, toute la gestion de l\u2019environnement virtuel se fait depuis la seule console Prism. La gestion des templates dans Prism se fait \u00e0 l\u2019aide du menu \u2018\u2019Image Configuration\u2019\u2019. C\u2019est l\u00e0 que l\u2019on va charger toutes nos images ISO,\u2026","rel":"","context":"In &quot;AHV&quot;","block_context":{"text":"AHV","link":"https:\/\/www.virtualementvotre.ch\/blog\/category\/ahv\/"},"img":{"alt_text":"","src":"https:\/\/i0.wp.com\/www.virtualementvotre.ch\/blog\/wp-content\/uploads\/2016\/11\/acropolis.png?fit=455%2C360&ssl=1&resize=350%2C200","width":350,"height":200},"classes":[]},{"id":1008,"url":"https:\/\/www.virtualementvotre.ch\/blog\/2015\/11\/12\/nutanix-diagnostics-py-tool-sur-esxi\/","url_meta":{"origin":1430,"position":3},"title":"Nutanix diagnostics.py tool sur ESXi","author":"Cedric Megroz","date":"12\/11\/2015","format":false,"excerpt":"Bonjour, Pour les tests de performance, Nutanix offre un outil int\u00e9gr\u00e9, afin d\u2019avoir une solution vite mise en place. L\u2019outil se nomme diagnostics.py. Il va automatiquement cr\u00e9er un container et y poser une VM avec laquelle il va faire diff\u00e9rents type de tests en lecture et \u00e9criture. On peut \u00e9galement\u2026","rel":"","context":"In &quot;NUTANIX&quot;","block_context":{"text":"NUTANIX","link":"https:\/\/www.virtualementvotre.ch\/blog\/category\/nutanix\/"},"img":{"alt_text":"","src":"https:\/\/i0.wp.com\/www.virtualementvotre.ch\/blog\/wp-content\/uploads\/2015\/11\/diagnosticpy3.png?fit=670%2C386&ssl=1&resize=350%2C200","width":350,"height":200,"srcset":"https:\/\/i0.wp.com\/www.virtualementvotre.ch\/blog\/wp-content\/uploads\/2015\/11\/diagnosticpy3.png?fit=670%2C386&ssl=1&resize=350%2C200 1x, https:\/\/i0.wp.com\/www.virtualementvotre.ch\/blog\/wp-content\/uploads\/2015\/11\/diagnosticpy3.png?fit=670%2C386&ssl=1&resize=525%2C300 1.5x"},"classes":[]},{"id":1148,"url":"https:\/\/www.virtualementvotre.ch\/blog\/2016\/11\/21\/installation-de-la-nutanix-community-edition\/","url_meta":{"origin":1430,"position":4},"title":"Installation de la Nutanix Community Edition","author":"Cedric Megroz","date":"21\/11\/2016","format":false,"excerpt":"Bonjour, R\u00e9cemment, j\u2019ai re\u00e7u de la part de Intel et dans le cadre du partenariat fort entre Nutanix et Intel, un NUC Skull Canyon. \u00a0 1x Intel NUC Skull Canyon (kit NUC6i7KYK) avec un processeur Intel i7-6770HQ @ 2,6 GHz 2x barrettes m\u00e9moire 16Go DDR4-2133 SODIM de Crucial (kit de\u2026","rel":"","context":"In &quot;AHV&quot;","block_context":{"text":"AHV","link":"https:\/\/www.virtualementvotre.ch\/blog\/category\/ahv\/"},"img":{"alt_text":"IntelNUCNUC6i7KYK_NuntanixCE","src":"https:\/\/i0.wp.com\/www.virtualementvotre.ch\/blog\/wp-content\/uploads\/2016\/11\/IMG_20161120_150039-300x225.jpg?resize=350%2C200","width":350,"height":200},"classes":[]},{"id":1242,"url":"https:\/\/www.virtualementvotre.ch\/blog\/2017\/02\/27\/nutanix-ce-modification-memoire-de-la-cvm\/","url_meta":{"origin":1430,"position":5},"title":"Nutanix CE modification m\u00e9moire de la CVM","author":"Cedric Megroz","date":"27\/02\/2017","format":false,"excerpt":"Bonjour, Depuis quelques mois, tous les Systems Engineer de Nutanix re\u00e7oivent un Intel NUC Skull Canyon (kit NUC6i7KYK) avec un processeur Intel i7-6770HQ @ 2,6 GHz suite \u00e0 un partenariat fort entre les deux compagnies. Cela nous offre la possibilit\u00e9 de faire des d\u00e9mos et se former notamment sur AHV\u2026","rel":"","context":"In &quot;AHV&quot;","block_context":{"text":"AHV","link":"https:\/\/www.virtualementvotre.ch\/blog\/category\/ahv\/"},"img":{"alt_text":"","src":"https:\/\/i0.wp.com\/www.virtualementvotre.ch\/blog\/wp-content\/uploads\/2017\/02\/NUC_Nutanix_CE.jpg?fit=1200%2C900&ssl=1&resize=350%2C200","width":350,"height":200,"srcset":"https:\/\/i0.wp.com\/www.virtualementvotre.ch\/blog\/wp-content\/uploads\/2017\/02\/NUC_Nutanix_CE.jpg?fit=1200%2C900&ssl=1&resize=350%2C200 1x, https:\/\/i0.wp.com\/www.virtualementvotre.ch\/blog\/wp-content\/uploads\/2017\/02\/NUC_Nutanix_CE.jpg?fit=1200%2C900&ssl=1&resize=525%2C300 1.5x, https:\/\/i0.wp.com\/www.virtualementvotre.ch\/blog\/wp-content\/uploads\/2017\/02\/NUC_Nutanix_CE.jpg?fit=1200%2C900&ssl=1&resize=700%2C400 2x, https:\/\/i0.wp.com\/www.virtualementvotre.ch\/blog\/wp-content\/uploads\/2017\/02\/NUC_Nutanix_CE.jpg?fit=1200%2C900&ssl=1&resize=1050%2C600 3x"},"classes":[]}],"jetpack_sharing_enabled":true,"_links":{"self":[{"href":"https:\/\/www.virtualementvotre.ch\/blog\/wp-json\/wp\/v2\/posts\/1430","targetHints":{"allow":["GET"]}}],"collection":[{"href":"https:\/\/www.virtualementvotre.ch\/blog\/wp-json\/wp\/v2\/posts"}],"about":[{"href":"https:\/\/www.virtualementvotre.ch\/blog\/wp-json\/wp\/v2\/types\/post"}],"author":[{"embeddable":true,"href":"https:\/\/www.virtualementvotre.ch\/blog\/wp-json\/wp\/v2\/users\/1"}],"replies":[{"embeddable":true,"href":"https:\/\/www.virtualementvotre.ch\/blog\/wp-json\/wp\/v2\/comments?post=1430"}],"version-history":[{"count":8,"href":"https:\/\/www.virtualementvotre.ch\/blog\/wp-json\/wp\/v2\/posts\/1430\/revisions"}],"predecessor-version":[{"id":1452,"href":"https:\/\/www.virtualementvotre.ch\/blog\/wp-json\/wp\/v2\/posts\/1430\/revisions\/1452"}],"wp:attachment":[{"href":"https:\/\/www.virtualementvotre.ch\/blog\/wp-json\/wp\/v2\/media?parent=1430"}],"wp:term":[{"taxonomy":"category","embeddable":true,"href":"https:\/\/www.virtualementvotre.ch\/blog\/wp-json\/wp\/v2\/categories?post=1430"},{"taxonomy":"post_tag","embeddable":true,"href":"https:\/\/www.virtualementvotre.ch\/blog\/wp-json\/wp\/v2\/tags?post=1430"}],"curies":[{"name":"wp","href":"https:\/\/api.w.org\/{rel}","templated":true}]}}