{"id":170,"date":"2013-09-25T16:43:44","date_gmt":"2013-09-25T14:43:44","guid":{"rendered":"http:\/\/www.virtualementvotre.ch\/blog\/?p=170"},"modified":"2014-01-26T17:45:56","modified_gmt":"2014-01-26T16:45:56","slug":"problemes-de-droits-dacces-vcenter-sso-5-5","status":"publish","type":"post","link":"https:\/\/www.virtualementvotre.ch\/blog\/2013\/09\/25\/problemes-de-droits-dacces-vcenter-sso-5-5\/","title":{"rendered":"Probl\u00e8mes de droits d&#8217;acc\u00e8s vCenter SSO 5.5"},"content":{"rendered":"<p>Bonjour,<\/p>\n<p>Lors de ma premi\u00e8re installation du vCenter 5.5, j&#8217;ai eu un petit probl\u00e8me avec le SSO.<\/p>\n<p>Dans les versions pr\u00e9c\u00e9dentes, par d\u00e9faut, le groupe Local Admins, \u00e9tait ajout\u00e9, avec le r\u00f4le administrator, au niveau du vCenter, ce qui offrait la possibilit\u00e9 de se connecter avec les comptes Domain Admins automatiquement.<\/p>\n<p>J\u2019ai donc install\u00e9 mon vCenter, avec le nouveau SSO serveur et une fois termin\u00e9, impossible de se connecter avec mon compte AD. J\u2019ai donc test\u00e9 la connexion avec le compte administrator local au serveur, mais sans succ\u00e8s.<\/p>\n<p>Derni\u00e8re possibilit\u00e9, le compte administrator du SSO (<a href=\"mailto:administrator@vsphere.local\">administrator@vsphere.local<\/a>) cr\u00e9\u00e9 lors de l\u2019installation du serveur.<\/p>\n<p><a href=\"https:\/\/i0.wp.com\/www.virtualementvotre.ch\/blog\/wp-content\/uploads\/2013\/09\/login.png\"><img data-recalc-dims=\"1\" loading=\"lazy\" decoding=\"async\" class=\"alignnone size-full wp-image-191\" alt=\"login\" src=\"https:\/\/i0.wp.com\/www.virtualementvotre.ch\/blog\/wp-content\/uploads\/2013\/09\/login.png?resize=530%2C316\" width=\"530\" height=\"316\" srcset=\"https:\/\/i0.wp.com\/www.virtualementvotre.ch\/blog\/wp-content\/uploads\/2013\/09\/login.png?w=1000&amp;ssl=1 1000w, https:\/\/i0.wp.com\/www.virtualementvotre.ch\/blog\/wp-content\/uploads\/2013\/09\/login.png?resize=300%2C179&amp;ssl=1 300w\" sizes=\"auto, (max-width: 530px) 100vw, 530px\" \/><\/a><\/p>\n<p>Je me suis aper\u00e7u que l\u2019AD n\u2019avait pas \u00e9t\u00e9 int\u00e9gr\u00e9 et seul le compte administrator du SSO \u00e9tait configur\u00e9.<\/p>\n<p><a href=\"https:\/\/i0.wp.com\/www.virtualementvotre.ch\/blog\/wp-content\/uploads\/2013\/09\/noAD.png\"><img data-recalc-dims=\"1\" loading=\"lazy\" decoding=\"async\" class=\"alignnone size-large wp-image-192\" alt=\"noAD\" src=\"https:\/\/i0.wp.com\/www.virtualementvotre.ch\/blog\/wp-content\/uploads\/2013\/09\/noAD-1024x611.png?resize=530%2C316\" width=\"530\" height=\"316\" srcset=\"https:\/\/i0.wp.com\/www.virtualementvotre.ch\/blog\/wp-content\/uploads\/2013\/09\/noAD.png?resize=1024%2C611&amp;ssl=1 1024w, https:\/\/i0.wp.com\/www.virtualementvotre.ch\/blog\/wp-content\/uploads\/2013\/09\/noAD.png?resize=300%2C179&amp;ssl=1 300w, https:\/\/i0.wp.com\/www.virtualementvotre.ch\/blog\/wp-content\/uploads\/2013\/09\/noAD.png?w=1157&amp;ssl=1 1157w\" sizes=\"auto, (max-width: 530px) 100vw, 530px\" \/><\/a><\/p>\n<p>J\u2019ai donc rajout\u00e9 l\u2019Active Directory comme source d\u2019identit\u00e9.<\/p>\n<p>Vous remarquerez que l&#8217;int\u00e9gration est nettement plus simple, gr\u00e2ce \u00e0 un client natif Kerberos, contrairement \u00e0 la version 5.1 qui \u00e9tait une connexion LDAP.<\/p>\n<p><a href=\"https:\/\/i0.wp.com\/www.virtualementvotre.ch\/blog\/wp-content\/uploads\/2013\/09\/addAD.png\"><img data-recalc-dims=\"1\" loading=\"lazy\" decoding=\"async\" class=\"alignnone size-large wp-image-193\" alt=\"addAD\" src=\"https:\/\/i0.wp.com\/www.virtualementvotre.ch\/blog\/wp-content\/uploads\/2013\/09\/addAD-1024x611.png?resize=530%2C316\" width=\"530\" height=\"316\" srcset=\"https:\/\/i0.wp.com\/www.virtualementvotre.ch\/blog\/wp-content\/uploads\/2013\/09\/addAD.png?resize=1024%2C611&amp;ssl=1 1024w, https:\/\/i0.wp.com\/www.virtualementvotre.ch\/blog\/wp-content\/uploads\/2013\/09\/addAD.png?resize=300%2C179&amp;ssl=1 300w, https:\/\/i0.wp.com\/www.virtualementvotre.ch\/blog\/wp-content\/uploads\/2013\/09\/addAD.png?w=1158&amp;ssl=1 1158w\" sizes=\"auto, (max-width: 530px) 100vw, 530px\" \/><\/a><\/p>\n<p>Puis ajout\u00e9 cette source par d\u00e9faut.<\/p>\n<p><a href=\"https:\/\/i0.wp.com\/www.virtualementvotre.ch\/blog\/wp-content\/uploads\/2013\/09\/DefaultAD.png\"><img data-recalc-dims=\"1\" loading=\"lazy\" decoding=\"async\" class=\"alignnone size-full wp-image-194\" alt=\"DefaultAD\" src=\"https:\/\/i0.wp.com\/www.virtualementvotre.ch\/blog\/wp-content\/uploads\/2013\/09\/DefaultAD.png?resize=530%2C295\" width=\"530\" height=\"295\" srcset=\"https:\/\/i0.wp.com\/www.virtualementvotre.ch\/blog\/wp-content\/uploads\/2013\/09\/DefaultAD.png?w=794&amp;ssl=1 794w, https:\/\/i0.wp.com\/www.virtualementvotre.ch\/blog\/wp-content\/uploads\/2013\/09\/DefaultAD.png?resize=300%2C167&amp;ssl=1 300w\" sizes=\"auto, (max-width: 530px) 100vw, 530px\" \/><\/a><\/p>\n<p>Mais \u00e0 ce niveau-l\u00e0, toujours pas de possibilit\u00e9 de connexion, avec les compte AD, il a fallu lui attribuer le r\u00f4le Administrator, au niveau du vCenter.<\/p>\n<p><a href=\"https:\/\/i0.wp.com\/www.virtualementvotre.ch\/blog\/wp-content\/uploads\/2013\/09\/AddDomainAdmins.png\"><img data-recalc-dims=\"1\" loading=\"lazy\" decoding=\"async\" class=\"alignnone size-large wp-image-195\" alt=\"AddDomainAdmins\" src=\"https:\/\/i0.wp.com\/www.virtualementvotre.ch\/blog\/wp-content\/uploads\/2013\/09\/AddDomainAdmins-1024x613.png?resize=530%2C317\" width=\"530\" height=\"317\" srcset=\"https:\/\/i0.wp.com\/www.virtualementvotre.ch\/blog\/wp-content\/uploads\/2013\/09\/AddDomainAdmins.png?resize=1024%2C613&amp;ssl=1 1024w, https:\/\/i0.wp.com\/www.virtualementvotre.ch\/blog\/wp-content\/uploads\/2013\/09\/AddDomainAdmins.png?resize=300%2C179&amp;ssl=1 300w, https:\/\/i0.wp.com\/www.virtualementvotre.ch\/blog\/wp-content\/uploads\/2013\/09\/AddDomainAdmins.png?w=1158&amp;ssl=1 1158w\" sizes=\"auto, (max-width: 530px) 100vw, 530px\" \/><\/a><\/p>\n<p>Ce probl\u00e8me semble \u00eatre \u00e9galement pr\u00e9sent lors des upgrades du vCenter.<\/p>\n<p>voici une KB sur le sujet.<\/p>\n<p><a href=\"http:\/\/kb.vmware.com\/selfservice\/microsites\/search.do?language=en_US&amp;cmd=displayKC&amp;externalId=2059528\" target=\"_blank\">http:\/\/kb.vmware.com\/selfservice\/microsites\/search.do?language=en_US&amp;cmd=displayKC&amp;externalId=2059528<\/a><\/p>\n<p><strong>Mise \u00e0 jour du 25.09.2013:<\/strong><\/p>\n<p>Il y a un autre probl\u00e8me, avec l&#8217;authentification AD, depuis un vCenter, sous Windows 2012 et un DC sous Windows 2012.<\/p>\n<p>Voici la KB pour r\u00e9soudre le probl\u00e8me:<\/p>\n<p><a href=\"http:\/\/kb.vmware.com\/selfservice\/microsites\/search.do?language=en_US&amp;cmd=displayKC&amp;externalId=2060901\" target=\"_blank\">http:\/\/kb.vmware.com\/selfservice\/microsites\/search.do?language=en_US&amp;cmd=displayKC&amp;externalId=2060901<\/a><\/p>\n<p>Il y a \u00e9galement un bug avec les certificats, lors de l&#8217;upgrade depuis la version 5.1, du serveur SSO, qui g\u00e9n\u00e8re un rollback.<\/p>\n<p><a href=\"http:\/\/kb.vmware.com\/selfservice\/microsites\/search.do?language=en_US&amp;cmd=displayKC&amp;externalId=2060511\" target=\"_blank\">http:\/\/kb.vmware.com\/selfservice\/microsites\/search.do?language=en_US&amp;cmd=displayKC&amp;externalId=2060511<\/a><\/p>\n<p>Finalement, voici une KB \u00e9num\u00e9rant les points \u00e0 suivre lors de l&#8217;upgrade du vCenter, \u00e9galement diff\u00e9rents sc\u00e9narios notamment sur la m\u00e9moire \u00e0 allouer aux VMs, selon les services h\u00e9berg\u00e9s.<\/p>\n<p><a href=\"http:\/\/kb.vmware.com\/selfservice\/microsites\/search.do?cmd=displayKC&amp;docType=kc&amp;docTypeID=DT_KB_1_1&amp;externalId=2053132\" target=\"_blank\">http:\/\/kb.vmware.com\/selfservice\/microsites\/search.do?cmd=displayKC&amp;docType=kc&amp;docTypeID=DT_KB_1_1&amp;externalId=2053132<\/a><\/p>\n<p>&nbsp;<\/p>\n<p>Bonne migration.<\/p>\n<p>&nbsp;<\/p>\n","protected":false},"excerpt":{"rendered":"<p>Bonjour, Lors de ma premi\u00e8re installation du vCenter 5.5, j&#8217;ai eu un petit probl\u00e8me avec le SSO. Dans les versions pr\u00e9c\u00e9dentes, par d\u00e9faut, le groupe Local Admins, \u00e9tait ajout\u00e9, avec le r\u00f4le administrator, au niveau du vCenter, ce qui offrait la possibilit\u00e9 de se connecter avec les comptes Domain Admins automatiquement. J\u2019ai donc install\u00e9 mon vCenter, avec le nouveau SSO <a class=\"more-link\" href=\"https:\/\/www.virtualementvotre.ch\/blog\/2013\/09\/25\/problemes-de-droits-dacces-vcenter-sso-5-5\/\">Continue reading <span class=\"screen-reader-text\">  Probl\u00e8mes de droits d&#8217;acc\u00e8s vCenter SSO 5.5<\/span><span class=\"meta-nav\">&rarr;<\/span><\/a><\/p>\n","protected":false},"author":1,"featured_media":191,"comment_status":"open","ping_status":"open","sticky":false,"template":"","format":"standard","meta":{"jetpack_post_was_ever_published":false,"_jetpack_newsletter_access":"","_jetpack_dont_email_post_to_subs":false,"_jetpack_newsletter_tier_id":0,"_jetpack_memberships_contains_paywalled_content":false,"_jetpack_memberships_contains_paid_content":false,"footnotes":"","jetpack_publicize_message":"","jetpack_publicize_feature_enabled":true,"jetpack_social_post_already_shared":false,"jetpack_social_options":{"image_generator_settings":{"template":"highway","default_image_id":0,"font":"","enabled":false},"version":2}},"categories":[9,3],"tags":[343,345,340,342,341,344,323,74],"class_list":["post-170","post","type-post","status-publish","format-standard","has-post-thumbnail","hentry","category-virtualisation","category-vmware","tag-administratorvsphere-local","tag-dc-windows2012","tag-installation-vcenter","tag-integration-ad","tag-kb2059528","tag-kb2060901","tag-sso","tag-windows-2012"],"aioseo_notices":[],"jetpack_publicize_connections":[],"jetpack_featured_media_url":"https:\/\/i0.wp.com\/www.virtualementvotre.ch\/blog\/wp-content\/uploads\/2013\/09\/login.png?fit=1000%2C597&ssl=1","jetpack_shortlink":"https:\/\/wp.me\/p4KzU1-2K","jetpack-related-posts":[{"id":415,"url":"https:\/\/www.virtualementvotre.ch\/blog\/2014\/03\/24\/mise-a-jour-du-vcenter-en-5-5u1\/","url_meta":{"origin":170,"position":0},"title":"Mise \u00e0 jour du vCenter en 5.5U1","author":"Cedric Megroz","date":"24\/03\/2014","format":false,"excerpt":"Bonjour, J\u2019ai test\u00e9 la mise \u00e0 jour \u2018\u2019in place\u2019\u2019 d\u2019un vCenter 5.1 vers la nouvelle version 5.5 U1. Premier point, contr\u00f4lez les compatibilit\u00e9s, notamment avec les bases de donn\u00e9es, car passablement de versions ont perdu le support. A noter que Windows 2012 R2 est support\u00e9. J\u2019ai donc utilis\u00e9 la solution\u2026","rel":"","context":"In &quot;VIRTUALISATION&quot;","block_context":{"text":"VIRTUALISATION","link":"https:\/\/www.virtualementvotre.ch\/blog\/category\/virtualisation\/"},"img":{"alt_text":"","src":"https:\/\/i0.wp.com\/www.virtualementvotre.ch\/blog\/wp-content\/uploads\/2014\/03\/venter55U1_1.png?fit=435%2C458&ssl=1&resize=350%2C200","width":350,"height":200},"classes":[]},{"id":159,"url":"https:\/\/www.virtualementvotre.ch\/blog\/2013\/05\/01\/vcenter-sso\/","url_meta":{"origin":170,"position":1},"title":"vCenter SSO 5.0","author":"Cedric Megroz","date":"01\/05\/2013","format":false,"excerpt":"Bonjour, Vous vous \u00eates certainement tous frott\u00e9 au nouveau service SSO du vCenter. Outil utile pour la partie WEB (Inventory Service, certains plugins et le web client), mais \u00e9galement pour la partie authentification du vSphere Client, avec l\u2019Active Directory. Premier point ! FQDN ! tout ce que vous allez configurer\u2026","rel":"","context":"In &quot;VIRTUALISATION&quot;","block_context":{"text":"VIRTUALISATION","link":"https:\/\/www.virtualementvotre.ch\/blog\/category\/virtualisation\/"},"img":{"alt_text":"","src":"https:\/\/i0.wp.com\/www.virtualementvotre.ch\/blog\/wp-content\/uploads\/2013\/05\/SSOAddDomain.png?fit=553%2C629&ssl=1&resize=350%2C200","width":350,"height":200,"srcset":"https:\/\/i0.wp.com\/www.virtualementvotre.ch\/blog\/wp-content\/uploads\/2013\/05\/SSOAddDomain.png?fit=553%2C629&ssl=1&resize=350%2C200 1x, https:\/\/i0.wp.com\/www.virtualementvotre.ch\/blog\/wp-content\/uploads\/2013\/05\/SSOAddDomain.png?fit=553%2C629&ssl=1&resize=525%2C300 1.5x"},"classes":[]},{"id":166,"url":"https:\/\/www.virtualementvotre.ch\/blog\/2013\/09\/09\/vsphere-5-5-whats-new\/","url_meta":{"origin":170,"position":2},"title":"vSphere 5.5 what\u2019s new","author":"Cedric Megroz","date":"09\/09\/2013","format":false,"excerpt":"Bonjour, Contrairement \u00e0 ce qui \u00e9tait pr\u00e9vu, la version 6 de vSphere , VMware n\u2019a sorti qu\u2019une update mineur avec la version vSphere 5.5. \u00a0 Les nouvelles fonctionnalit\u00e9s propos\u00e9es ne justifiaient, effectivement pas, une nouvelle version et VMware a peut \u00eatre d\u00e9cid\u00e9 de changer son cycle de version, en passant\u2026","rel":"","context":"In &quot;VIRTUALISATION&quot;","block_context":{"text":"VIRTUALISATION","link":"https:\/\/www.virtualementvotre.ch\/blog\/category\/virtualisation\/"},"img":{"alt_text":"CertifMap","src":"https:\/\/i0.wp.com\/www.virtualementvotre.ch\/blog\/wp-content\/uploads\/2013\/09\/CertifMap.jpg?resize=350%2C200","width":350,"height":200,"srcset":"https:\/\/i0.wp.com\/www.virtualementvotre.ch\/blog\/wp-content\/uploads\/2013\/09\/CertifMap.jpg?resize=350%2C200 1x, https:\/\/i0.wp.com\/www.virtualementvotre.ch\/blog\/wp-content\/uploads\/2013\/09\/CertifMap.jpg?resize=525%2C300 1.5x"},"classes":[]},{"id":138,"url":"https:\/\/www.virtualementvotre.ch\/blog\/2012\/09\/18\/vsphere-5-1-whats-new\/","url_meta":{"origin":170,"position":3},"title":"vSphere 5.1 What&#8217;s New","author":"Cedric Megroz","date":"18\/09\/2012","format":false,"excerpt":"Bonjour, VMware a sorti, depuis quelques jours, la version vSphere 5.1. Premier point et pas des moindres, la fin de la limitation vRAM au niveau des licences, c\u2019est une bonne nouvelle, seul la version gratuite VMware Hyperviseur est limit\u00e9e \u00e0 32 GB de RAM physique utilisable. Elle est compos\u00e9e de\u2026","rel":"","context":"In &quot;STOCKAGE&quot;","block_context":{"text":"STOCKAGE","link":"https:\/\/www.virtualementvotre.ch\/blog\/category\/stockage\/"},"img":{"alt_text":"","src":"https:\/\/i0.wp.com\/www.virtualementvotre.ch\/blog\/wp-content\/uploads\/2012\/09\/MonsterVM.png?fit=1200%2C632&ssl=1&resize=350%2C200","width":350,"height":200,"srcset":"https:\/\/i0.wp.com\/www.virtualementvotre.ch\/blog\/wp-content\/uploads\/2012\/09\/MonsterVM.png?fit=1200%2C632&ssl=1&resize=350%2C200 1x, https:\/\/i0.wp.com\/www.virtualementvotre.ch\/blog\/wp-content\/uploads\/2012\/09\/MonsterVM.png?fit=1200%2C632&ssl=1&resize=525%2C300 1.5x, https:\/\/i0.wp.com\/www.virtualementvotre.ch\/blog\/wp-content\/uploads\/2012\/09\/MonsterVM.png?fit=1200%2C632&ssl=1&resize=700%2C400 2x, https:\/\/i0.wp.com\/www.virtualementvotre.ch\/blog\/wp-content\/uploads\/2012\/09\/MonsterVM.png?fit=1200%2C632&ssl=1&resize=1050%2C600 3x"},"classes":[]},{"id":151,"url":"https:\/\/www.virtualementvotre.ch\/blog\/2012\/12\/07\/vsphere-data-protection-vdp\/","url_meta":{"origin":170,"position":4},"title":"vSphere Data Protection vDP","author":"Cedric Megroz","date":"07\/12\/2012","format":false,"excerpt":"Bonjour, Dans la s\u00e9rie, je me mets \u00e0 utiliser mon vSphere Web Client, j\u2019ai fait des tests avec vDP, le nouvel outil de backup propos\u00e9 par VMware et utilisable uniquement avec le web client. VDR (VMware Data Recovery) n\u2019ayant pas donn\u00e9 de bons r\u00e9sultats (surtout sur la dur\u00e9e, le catalogue\u2026","rel":"","context":"In &quot;STOCKAGE&quot;","block_context":{"text":"STOCKAGE","link":"https:\/\/www.virtualementvotre.ch\/blog\/category\/stockage\/"},"img":{"alt_text":"","src":"https:\/\/i0.wp.com\/www.virtualementvotre.ch\/blog\/wp-content\/uploads\/2012\/12\/backupConfig4.png?fit=1200%2C588&ssl=1&resize=350%2C200","width":350,"height":200,"srcset":"https:\/\/i0.wp.com\/www.virtualementvotre.ch\/blog\/wp-content\/uploads\/2012\/12\/backupConfig4.png?fit=1200%2C588&ssl=1&resize=350%2C200 1x, https:\/\/i0.wp.com\/www.virtualementvotre.ch\/blog\/wp-content\/uploads\/2012\/12\/backupConfig4.png?fit=1200%2C588&ssl=1&resize=525%2C300 1.5x, https:\/\/i0.wp.com\/www.virtualementvotre.ch\/blog\/wp-content\/uploads\/2012\/12\/backupConfig4.png?fit=1200%2C588&ssl=1&resize=700%2C400 2x, https:\/\/i0.wp.com\/www.virtualementvotre.ch\/blog\/wp-content\/uploads\/2012\/12\/backupConfig4.png?fit=1200%2C588&ssl=1&resize=1050%2C600 3x"},"classes":[]},{"id":648,"url":"https:\/\/www.virtualementvotre.ch\/blog\/2014\/06\/17\/migration-de-vcenter\/","url_meta":{"origin":170,"position":5},"title":"Migration de vCenter","author":"Cedric Megroz","date":"17\/06\/2014","format":false,"excerpt":"Bonjour, R\u00e9guli\u00e8rement, j\u2019ai des clients qui d\u00e9cident de migrer leur vCenter, plut\u00f4t que de faire un upgrade ''inplace''. On va \u00e9galement, gentiment, devoir migrer vers les vCSA (vCenter Server Appliance) qui va fatalement remplacer la solution sous Windows. Pour les petites infrastructures, ce n\u2019est jamais un probl\u00e8me. Il suffit de\u2026","rel":"","context":"In &quot;STOCKAGE&quot;","block_context":{"text":"STOCKAGE","link":"https:\/\/www.virtualementvotre.ch\/blog\/category\/stockage\/"},"img":{"alt_text":"","src":"https:\/\/i0.wp.com\/www.virtualementvotre.ch\/blog\/wp-content\/uploads\/2014\/06\/LancerInventorySnapshot.png?fit=1002%2C451&ssl=1&resize=350%2C200","width":350,"height":200,"srcset":"https:\/\/i0.wp.com\/www.virtualementvotre.ch\/blog\/wp-content\/uploads\/2014\/06\/LancerInventorySnapshot.png?fit=1002%2C451&ssl=1&resize=350%2C200 1x, https:\/\/i0.wp.com\/www.virtualementvotre.ch\/blog\/wp-content\/uploads\/2014\/06\/LancerInventorySnapshot.png?fit=1002%2C451&ssl=1&resize=525%2C300 1.5x, https:\/\/i0.wp.com\/www.virtualementvotre.ch\/blog\/wp-content\/uploads\/2014\/06\/LancerInventorySnapshot.png?fit=1002%2C451&ssl=1&resize=700%2C400 2x"},"classes":[]}],"jetpack_sharing_enabled":true,"_links":{"self":[{"href":"https:\/\/www.virtualementvotre.ch\/blog\/wp-json\/wp\/v2\/posts\/170","targetHints":{"allow":["GET"]}}],"collection":[{"href":"https:\/\/www.virtualementvotre.ch\/blog\/wp-json\/wp\/v2\/posts"}],"about":[{"href":"https:\/\/www.virtualementvotre.ch\/blog\/wp-json\/wp\/v2\/types\/post"}],"author":[{"embeddable":true,"href":"https:\/\/www.virtualementvotre.ch\/blog\/wp-json\/wp\/v2\/users\/1"}],"replies":[{"embeddable":true,"href":"https:\/\/www.virtualementvotre.ch\/blog\/wp-json\/wp\/v2\/comments?post=170"}],"version-history":[{"count":3,"href":"https:\/\/www.virtualementvotre.ch\/blog\/wp-json\/wp\/v2\/posts\/170\/revisions"}],"predecessor-version":[{"id":196,"href":"https:\/\/www.virtualementvotre.ch\/blog\/wp-json\/wp\/v2\/posts\/170\/revisions\/196"}],"wp:featuredmedia":[{"embeddable":true,"href":"https:\/\/www.virtualementvotre.ch\/blog\/wp-json\/wp\/v2\/media\/191"}],"wp:attachment":[{"href":"https:\/\/www.virtualementvotre.ch\/blog\/wp-json\/wp\/v2\/media?parent=170"}],"wp:term":[{"taxonomy":"category","embeddable":true,"href":"https:\/\/www.virtualementvotre.ch\/blog\/wp-json\/wp\/v2\/categories?post=170"},{"taxonomy":"post_tag","embeddable":true,"href":"https:\/\/www.virtualementvotre.ch\/blog\/wp-json\/wp\/v2\/tags?post=170"}],"curies":[{"name":"wp","href":"https:\/\/api.w.org\/{rel}","templated":true}]}}