{"id":415,"date":"2014-03-24T10:00:51","date_gmt":"2014-03-24T09:00:51","guid":{"rendered":"http:\/\/www.virtualementvotre.ch\/blog\/?p=415"},"modified":"2014-03-23T20:03:16","modified_gmt":"2014-03-23T19:03:16","slug":"mise-a-jour-du-vcenter-en-5-5u1","status":"publish","type":"post","link":"https:\/\/www.virtualementvotre.ch\/blog\/2014\/03\/24\/mise-a-jour-du-vcenter-en-5-5u1\/","title":{"rendered":"Mise \u00e0 jour du vCenter en 5.5U1"},"content":{"rendered":"<p>Bonjour,<\/p>\n<p>J\u2019ai test\u00e9 la mise \u00e0 jour \u2018\u2019in place\u2019\u2019 d\u2019un vCenter 5.1 vers la nouvelle version 5.5 U1.<\/p>\n<p>Premier point, contr\u00f4lez les compatibilit\u00e9s, notamment avec les bases de donn\u00e9es, car passablement de versions ont perdu le support.<\/p>\n<p>A noter que Windows 2012 R2 est support\u00e9.<\/p>\n<p>J\u2019ai donc utilis\u00e9 la solution &#8221;simple install&#8221; pour l\u2019upgrade et je dois dire que \u00e7a a pass\u00e9 sans aucun probl\u00e8me, il m&#8217;a juste demand\u00e9 le mot de passe de l&#8217;ancien compte administrator@domain.local.<\/p>\n<p>Cependant, une fois fini et les diff\u00e9rents clients install\u00e9s, impossible de se connecter avec mon compte du domaine\u2026 \u00e7a me rappelle un peu les probl\u00e8mes rencontr\u00e9s avec le SSO en version 5.1\u2026 notamment lors des upgrades de la version 5 vers 5.1.<\/p>\n<p>Heureusement, le nouveau compte <a href=\"mailto:administrator@vsphere.local\">administrator@vsphere.local<\/a> rempla\u00e7ant le compte <a href=\"mailto:administrator@domain.local\">administrator@domain.local<\/a> m&#8217;a permis de me connecter et pr\u00e9sentait tout l\u2019inventaire.<\/p>\n<p>Toute les configurations li\u00e9es, au SSO, avaient l\u2019air fonctionnels, j\u2019en ai profit\u00e9 pour configurer le domaine, comme source par d\u00e9faut.<\/p>\n<p><a href=\"https:\/\/i0.wp.com\/www.virtualementvotre.ch\/blog\/wp-content\/uploads\/2013\/09\/DefaultAD.png\"><img data-recalc-dims=\"1\" loading=\"lazy\" decoding=\"async\" class=\"alignnone size-full wp-image-194\" alt=\"DefaultAD\" src=\"https:\/\/i0.wp.com\/www.virtualementvotre.ch\/blog\/wp-content\/uploads\/2013\/09\/DefaultAD.png?resize=530%2C295\" width=\"530\" height=\"295\" srcset=\"https:\/\/i0.wp.com\/www.virtualementvotre.ch\/blog\/wp-content\/uploads\/2013\/09\/DefaultAD.png?w=794&amp;ssl=1 794w, https:\/\/i0.wp.com\/www.virtualementvotre.ch\/blog\/wp-content\/uploads\/2013\/09\/DefaultAD.png?resize=300%2C167&amp;ssl=1 300w\" sizes=\"auto, (max-width: 530px) 100vw, 530px\" \/><\/a><\/p>\n<p>j&#8217;ai pu, d\u00e8s lors, me connecter avec les compte de l&#8217;AD, mais l&#8217;inventaire \u00e9tait vide.<\/p>\n<p><a href=\"https:\/\/i0.wp.com\/www.virtualementvotre.ch\/blog\/wp-content\/uploads\/2014\/03\/venter55U1_1.png\"><img data-recalc-dims=\"1\" loading=\"lazy\" decoding=\"async\" class=\"alignnone size-full wp-image-418\" alt=\"venter55U1_1\" src=\"https:\/\/i0.wp.com\/www.virtualementvotre.ch\/blog\/wp-content\/uploads\/2014\/03\/venter55U1_1.png?resize=435%2C458\" width=\"435\" height=\"458\" srcset=\"https:\/\/i0.wp.com\/www.virtualementvotre.ch\/blog\/wp-content\/uploads\/2014\/03\/venter55U1_1.png?w=435&amp;ssl=1 435w, https:\/\/i0.wp.com\/www.virtualementvotre.ch\/blog\/wp-content\/uploads\/2014\/03\/venter55U1_1.png?resize=284%2C300&amp;ssl=1 284w\" sizes=\"auto, (max-width: 435px) 100vw, 435px\" \/><\/a><\/p>\n<p>J\u2019ai donc reconfigur\u00e9 le domaine dans le SSO et reconfigur\u00e9 les droits dans le vCenter avec mes groupes AD.<\/p>\n<p><a href=\"https:\/\/i0.wp.com\/www.virtualementvotre.ch\/blog\/wp-content\/uploads\/2014\/03\/venter55U1_2.png\"><img data-recalc-dims=\"1\" loading=\"lazy\" decoding=\"async\" class=\"alignnone size-large wp-image-419\" alt=\"venter55U1_2\" src=\"https:\/\/i0.wp.com\/www.virtualementvotre.ch\/blog\/wp-content\/uploads\/2014\/03\/venter55U1_2-1024x597.png?resize=530%2C309\" width=\"530\" height=\"309\" srcset=\"https:\/\/i0.wp.com\/www.virtualementvotre.ch\/blog\/wp-content\/uploads\/2014\/03\/venter55U1_2.png?resize=1024%2C597&amp;ssl=1 1024w, https:\/\/i0.wp.com\/www.virtualementvotre.ch\/blog\/wp-content\/uploads\/2014\/03\/venter55U1_2.png?resize=300%2C174&amp;ssl=1 300w, https:\/\/i0.wp.com\/www.virtualementvotre.ch\/blog\/wp-content\/uploads\/2014\/03\/venter55U1_2.png?w=1231&amp;ssl=1 1231w\" sizes=\"auto, (max-width: 530px) 100vw, 530px\" \/><\/a><\/p>\n<p>&nbsp;<\/p>\n<p>Finalement, pour me connecter sans probl\u00e8me, avec les comptes locaux ou du domaine, je vous conseille vivement d\u2019utiliser login@votredomaine ou login@nomduserveur, sinon pas de connexion possible.<\/p>\n<p>Pour le reste, je vous conseille de suivre mes recommandations que vous trouverez dans un de mes articles pr\u00e9c\u00e9dent <a title=\"probl\u00e8me de droits vCenter SSO 5.5\" href=\"http:\/\/www.virtualementvotre.ch\/blog\/2013\/09\/25\/problemes-de-droits-dacces-vcenter-sso-5-5\/\" target=\"_blank\">ici<\/a><\/p>\n<p>&nbsp;<\/p>\n<p>Bonne migration<\/p>\n","protected":false},"excerpt":{"rendered":"<p>Bonjour, J\u2019ai test\u00e9 la mise \u00e0 jour \u2018\u2019in place\u2019\u2019 d\u2019un vCenter 5.1 vers la nouvelle version 5.5 U1. Premier point, contr\u00f4lez les compatibilit\u00e9s, notamment avec les bases de donn\u00e9es, car passablement de versions ont perdu le support. A noter que Windows 2012 R2 est support\u00e9. J\u2019ai donc utilis\u00e9 la solution &#8221;simple install&#8221; pour l\u2019upgrade et je dois dire que \u00e7a <a class=\"more-link\" href=\"https:\/\/www.virtualementvotre.ch\/blog\/2014\/03\/24\/mise-a-jour-du-vcenter-en-5-5u1\/\">Continue reading <span class=\"screen-reader-text\">  Mise \u00e0 jour du vCenter en 5.5U1<\/span><span class=\"meta-nav\">&rarr;<\/span><\/a><\/p>\n","protected":false},"author":1,"featured_media":418,"comment_status":"open","ping_status":"open","sticky":false,"template":"","format":"standard","meta":{"jetpack_post_was_ever_published":false,"_jetpack_newsletter_access":"","_jetpack_dont_email_post_to_subs":false,"_jetpack_newsletter_tier_id":0,"_jetpack_memberships_contains_paywalled_content":false,"_jetpack_memberships_contains_paid_content":false,"footnotes":"","jetpack_publicize_message":"","jetpack_publicize_feature_enabled":true,"jetpack_social_post_already_shared":false,"jetpack_social_options":{"image_generator_settings":{"template":"highway","default_image_id":0,"font":"","enabled":false},"version":2}},"categories":[9,3],"tags":[415,367,414,417,323,416,413],"class_list":["post-415","post","type-post","status-publish","format-standard","has-post-thumbnail","hentry","category-virtualisation","category-vmware","tag-in-place","tag-mise-a-jour","tag-probleme-authentification","tag-simple-install","tag-sso","tag-upgrade","tag-vcenter-5-5u1"],"aioseo_notices":[],"jetpack_publicize_connections":[],"jetpack_featured_media_url":"https:\/\/i0.wp.com\/www.virtualementvotre.ch\/blog\/wp-content\/uploads\/2014\/03\/venter55U1_1.png?fit=435%2C458&ssl=1","jetpack_shortlink":"https:\/\/wp.me\/p4KzU1-6H","jetpack-related-posts":[{"id":170,"url":"https:\/\/www.virtualementvotre.ch\/blog\/2013\/09\/25\/problemes-de-droits-dacces-vcenter-sso-5-5\/","url_meta":{"origin":415,"position":0},"title":"Probl\u00e8mes de droits d&#8217;acc\u00e8s vCenter SSO 5.5","author":"Cedric Megroz","date":"25\/09\/2013","format":false,"excerpt":"Bonjour, Lors de ma premi\u00e8re installation du vCenter 5.5, j'ai eu un petit probl\u00e8me avec le SSO. Dans les versions pr\u00e9c\u00e9dentes, par d\u00e9faut, le groupe Local Admins, \u00e9tait ajout\u00e9, avec le r\u00f4le administrator, au niveau du vCenter, ce qui offrait la possibilit\u00e9 de se connecter avec les comptes Domain Admins\u2026","rel":"","context":"In &quot;VIRTUALISATION&quot;","block_context":{"text":"VIRTUALISATION","link":"https:\/\/www.virtualementvotre.ch\/blog\/category\/virtualisation\/"},"img":{"alt_text":"","src":"https:\/\/i0.wp.com\/www.virtualementvotre.ch\/blog\/wp-content\/uploads\/2013\/09\/login.png?fit=1000%2C597&ssl=1&resize=350%2C200","width":350,"height":200,"srcset":"https:\/\/i0.wp.com\/www.virtualementvotre.ch\/blog\/wp-content\/uploads\/2013\/09\/login.png?fit=1000%2C597&ssl=1&resize=350%2C200 1x, https:\/\/i0.wp.com\/www.virtualementvotre.ch\/blog\/wp-content\/uploads\/2013\/09\/login.png?fit=1000%2C597&ssl=1&resize=525%2C300 1.5x, https:\/\/i0.wp.com\/www.virtualementvotre.ch\/blog\/wp-content\/uploads\/2013\/09\/login.png?fit=1000%2C597&ssl=1&resize=700%2C400 2x"},"classes":[]},{"id":159,"url":"https:\/\/www.virtualementvotre.ch\/blog\/2013\/05\/01\/vcenter-sso\/","url_meta":{"origin":415,"position":1},"title":"vCenter SSO 5.0","author":"Cedric Megroz","date":"01\/05\/2013","format":false,"excerpt":"Bonjour, Vous vous \u00eates certainement tous frott\u00e9 au nouveau service SSO du vCenter. Outil utile pour la partie WEB (Inventory Service, certains plugins et le web client), mais \u00e9galement pour la partie authentification du vSphere Client, avec l\u2019Active Directory. Premier point ! FQDN ! tout ce que vous allez configurer\u2026","rel":"","context":"In &quot;VIRTUALISATION&quot;","block_context":{"text":"VIRTUALISATION","link":"https:\/\/www.virtualementvotre.ch\/blog\/category\/virtualisation\/"},"img":{"alt_text":"","src":"https:\/\/i0.wp.com\/www.virtualementvotre.ch\/blog\/wp-content\/uploads\/2013\/05\/SSOAddDomain.png?fit=553%2C629&ssl=1&resize=350%2C200","width":350,"height":200,"srcset":"https:\/\/i0.wp.com\/www.virtualementvotre.ch\/blog\/wp-content\/uploads\/2013\/05\/SSOAddDomain.png?fit=553%2C629&ssl=1&resize=350%2C200 1x, https:\/\/i0.wp.com\/www.virtualementvotre.ch\/blog\/wp-content\/uploads\/2013\/05\/SSOAddDomain.png?fit=553%2C629&ssl=1&resize=525%2C300 1.5x"},"classes":[]},{"id":166,"url":"https:\/\/www.virtualementvotre.ch\/blog\/2013\/09\/09\/vsphere-5-5-whats-new\/","url_meta":{"origin":415,"position":2},"title":"vSphere 5.5 what\u2019s new","author":"Cedric Megroz","date":"09\/09\/2013","format":false,"excerpt":"Bonjour, Contrairement \u00e0 ce qui \u00e9tait pr\u00e9vu, la version 6 de vSphere , VMware n\u2019a sorti qu\u2019une update mineur avec la version vSphere 5.5. \u00a0 Les nouvelles fonctionnalit\u00e9s propos\u00e9es ne justifiaient, effectivement pas, une nouvelle version et VMware a peut \u00eatre d\u00e9cid\u00e9 de changer son cycle de version, en passant\u2026","rel":"","context":"In &quot;VIRTUALISATION&quot;","block_context":{"text":"VIRTUALISATION","link":"https:\/\/www.virtualementvotre.ch\/blog\/category\/virtualisation\/"},"img":{"alt_text":"CertifMap","src":"https:\/\/i0.wp.com\/www.virtualementvotre.ch\/blog\/wp-content\/uploads\/2013\/09\/CertifMap.jpg?resize=350%2C200","width":350,"height":200,"srcset":"https:\/\/i0.wp.com\/www.virtualementvotre.ch\/blog\/wp-content\/uploads\/2013\/09\/CertifMap.jpg?resize=350%2C200 1x, https:\/\/i0.wp.com\/www.virtualementvotre.ch\/blog\/wp-content\/uploads\/2013\/09\/CertifMap.jpg?resize=525%2C300 1.5x"},"classes":[]},{"id":138,"url":"https:\/\/www.virtualementvotre.ch\/blog\/2012\/09\/18\/vsphere-5-1-whats-new\/","url_meta":{"origin":415,"position":3},"title":"vSphere 5.1 What&#8217;s New","author":"Cedric Megroz","date":"18\/09\/2012","format":false,"excerpt":"Bonjour, VMware a sorti, depuis quelques jours, la version vSphere 5.1. Premier point et pas des moindres, la fin de la limitation vRAM au niveau des licences, c\u2019est une bonne nouvelle, seul la version gratuite VMware Hyperviseur est limit\u00e9e \u00e0 32 GB de RAM physique utilisable. Elle est compos\u00e9e de\u2026","rel":"","context":"In &quot;STOCKAGE&quot;","block_context":{"text":"STOCKAGE","link":"https:\/\/www.virtualementvotre.ch\/blog\/category\/stockage\/"},"img":{"alt_text":"","src":"https:\/\/i0.wp.com\/www.virtualementvotre.ch\/blog\/wp-content\/uploads\/2012\/09\/MonsterVM.png?fit=1200%2C632&ssl=1&resize=350%2C200","width":350,"height":200,"srcset":"https:\/\/i0.wp.com\/www.virtualementvotre.ch\/blog\/wp-content\/uploads\/2012\/09\/MonsterVM.png?fit=1200%2C632&ssl=1&resize=350%2C200 1x, https:\/\/i0.wp.com\/www.virtualementvotre.ch\/blog\/wp-content\/uploads\/2012\/09\/MonsterVM.png?fit=1200%2C632&ssl=1&resize=525%2C300 1.5x, https:\/\/i0.wp.com\/www.virtualementvotre.ch\/blog\/wp-content\/uploads\/2012\/09\/MonsterVM.png?fit=1200%2C632&ssl=1&resize=700%2C400 2x, https:\/\/i0.wp.com\/www.virtualementvotre.ch\/blog\/wp-content\/uploads\/2012\/09\/MonsterVM.png?fit=1200%2C632&ssl=1&resize=1050%2C600 3x"},"classes":[]},{"id":648,"url":"https:\/\/www.virtualementvotre.ch\/blog\/2014\/06\/17\/migration-de-vcenter\/","url_meta":{"origin":415,"position":4},"title":"Migration de vCenter","author":"Cedric Megroz","date":"17\/06\/2014","format":false,"excerpt":"Bonjour, R\u00e9guli\u00e8rement, j\u2019ai des clients qui d\u00e9cident de migrer leur vCenter, plut\u00f4t que de faire un upgrade ''inplace''. On va \u00e9galement, gentiment, devoir migrer vers les vCSA (vCenter Server Appliance) qui va fatalement remplacer la solution sous Windows. Pour les petites infrastructures, ce n\u2019est jamais un probl\u00e8me. Il suffit de\u2026","rel":"","context":"In &quot;STOCKAGE&quot;","block_context":{"text":"STOCKAGE","link":"https:\/\/www.virtualementvotre.ch\/blog\/category\/stockage\/"},"img":{"alt_text":"","src":"https:\/\/i0.wp.com\/www.virtualementvotre.ch\/blog\/wp-content\/uploads\/2014\/06\/LancerInventorySnapshot.png?fit=1002%2C451&ssl=1&resize=350%2C200","width":350,"height":200,"srcset":"https:\/\/i0.wp.com\/www.virtualementvotre.ch\/blog\/wp-content\/uploads\/2014\/06\/LancerInventorySnapshot.png?fit=1002%2C451&ssl=1&resize=350%2C200 1x, https:\/\/i0.wp.com\/www.virtualementvotre.ch\/blog\/wp-content\/uploads\/2014\/06\/LancerInventorySnapshot.png?fit=1002%2C451&ssl=1&resize=525%2C300 1.5x, https:\/\/i0.wp.com\/www.virtualementvotre.ch\/blog\/wp-content\/uploads\/2014\/06\/LancerInventorySnapshot.png?fit=1002%2C451&ssl=1&resize=700%2C400 2x"},"classes":[]},{"id":93,"url":"https:\/\/www.virtualementvotre.ch\/blog\/2011\/09\/18\/la-securite-dans-une-infrastructure-vsphere\/","url_meta":{"origin":415,"position":5},"title":"La s\u00e9curit\u00e9 dans une infrastructure vSphere","author":"Cedric Megroz","date":"18\/09\/2011","format":false,"excerpt":"Bonjour, La s\u00e9curit\u00e9 de votre infrastructure virtuelle est tr\u00e8s importante, selon le degr\u00e9 d\u2019exposition auquel vous la soumettez. Avec l\u2019arriv\u00e9e des cartes 10GB, on est souvent oblig\u00e9 de faire passer, sur les m\u00eames cartes r\u00e9seau, autant les r\u00e9seaux priv\u00e9s, les DMZ, que Internet. Cela exige un niveau d\u2019expertise et d\u2019audit\u2026","rel":"","context":"In &quot;SECURITE&quot;","block_context":{"text":"SECURITE","link":"https:\/\/www.virtualementvotre.ch\/blog\/category\/securite\/"},"img":{"alt_text":"","src":"https:\/\/i0.wp.com\/www.virtualgeek.ch\/blog\/wp-content\/uploads\/2011\/09\/SecuCompCheck-1024x593.png?resize=350%2C200","width":350,"height":200,"srcset":"https:\/\/i0.wp.com\/www.virtualgeek.ch\/blog\/wp-content\/uploads\/2011\/09\/SecuCompCheck-1024x593.png?resize=350%2C200 1x, https:\/\/i0.wp.com\/www.virtualgeek.ch\/blog\/wp-content\/uploads\/2011\/09\/SecuCompCheck-1024x593.png?resize=525%2C300 1.5x"},"classes":[]}],"jetpack_sharing_enabled":true,"_links":{"self":[{"href":"https:\/\/www.virtualementvotre.ch\/blog\/wp-json\/wp\/v2\/posts\/415","targetHints":{"allow":["GET"]}}],"collection":[{"href":"https:\/\/www.virtualementvotre.ch\/blog\/wp-json\/wp\/v2\/posts"}],"about":[{"href":"https:\/\/www.virtualementvotre.ch\/blog\/wp-json\/wp\/v2\/types\/post"}],"author":[{"embeddable":true,"href":"https:\/\/www.virtualementvotre.ch\/blog\/wp-json\/wp\/v2\/users\/1"}],"replies":[{"embeddable":true,"href":"https:\/\/www.virtualementvotre.ch\/blog\/wp-json\/wp\/v2\/comments?post=415"}],"version-history":[{"count":8,"href":"https:\/\/www.virtualementvotre.ch\/blog\/wp-json\/wp\/v2\/posts\/415\/revisions"}],"predecessor-version":[{"id":434,"href":"https:\/\/www.virtualementvotre.ch\/blog\/wp-json\/wp\/v2\/posts\/415\/revisions\/434"}],"wp:featuredmedia":[{"embeddable":true,"href":"https:\/\/www.virtualementvotre.ch\/blog\/wp-json\/wp\/v2\/media\/418"}],"wp:attachment":[{"href":"https:\/\/www.virtualementvotre.ch\/blog\/wp-json\/wp\/v2\/media?parent=415"}],"wp:term":[{"taxonomy":"category","embeddable":true,"href":"https:\/\/www.virtualementvotre.ch\/blog\/wp-json\/wp\/v2\/categories?post=415"},{"taxonomy":"post_tag","embeddable":true,"href":"https:\/\/www.virtualementvotre.ch\/blog\/wp-json\/wp\/v2\/tags?post=415"}],"curies":[{"name":"wp","href":"https:\/\/api.w.org\/{rel}","templated":true}]}}